{"id":15418,"date":"2023-10-06T13:19:03","date_gmt":"2023-10-06T10:19:03","guid":{"rendered":"https:\/\/cimislia.md\/?p=15418"},"modified":"2023-10-06T13:20:16","modified_gmt":"2023-10-06T10:20:16","slug":"evenimentul-de-generozitate-orasul-cimislia-imparte-rechizite-scolare-elevilor-cu-sprijinul-drrm","status":"publish","type":"post","link":"https:\/\/cimislia.md\/ru\/noutati\/evenimentul-de-generozitate-orasul-cimislia-imparte-rechizite-scolare-elevilor-cu-sprijinul-drrm\/","title":{"rendered":"Evenimentul de Generozitate: Ora\u0219ul Cimi\u0219lia \u00cemparte Rechizite \u0218colare Elevilor Cu Sprijinul DRRM"},"content":{"rendered":"<p>Din numele Prim\u0103riei ora\u0219ului Cimi\u0219lia \u0219i al meu personal, aducem<br \/>\nsincere mul\u021bumiri Departamentului pentru Rela\u021bia cu Republica Moldova,<br \/>\npentru sprijinul \u0219i ajutorul acordat institu\u021biilor de \u00eenv\u0103\u021b\u0103m\u00e2nt din<br \/>\nora\u0219ul Cimi\u0219lia: Liceul Teortic ,,Ion Creang\u0103\u201d; Liceul Teoretic ,,Mihai<br \/>\nEminescu\u201d; Gimnaziul ,,Al. Pu\u0219kin\u201d.<br \/>\nAstfel, 140 de elevi din toate instuti\u021biile men\u021bionate mai sus au primit<br \/>\npachete de rechizite \u0219colare, gra\u021bie proiectului \u201eCutia<br \/>\n\u0219colarului\u201dorganizat cu sprijinul\u00a0 DRRM.<br \/>\nPachetul de rechizite \u0219colare cuprinde toate cele necesare pentru un<br \/>\n\u00eenceput de an \u0219colar cu r\u00e2vn\u0103 de \u00eenv\u0103\u021bat: ghiozdan, c\u0103r\u021bi \u0219i jurnale de<br \/>\nlectur\u0103 \u00een limba rom\u00e2n\u0103, rechizite, produse de papet\u0103rie (penar, stilou,<br \/>\ncaiete, bloc de desen, acuarele, creioane colorate, set de scris etc.).<br \/>\nAducem sincere mul\u021bumiri Secretalui de Stat, Dlui Adrian Dupu pentru<br \/>\nacest frumos gest, pentru cre\u0219terea motiva\u021biei elevilor pentru lectur\u0103<br \/>\n\u0219i \u00eenv\u0103\u021bare.<br \/>\nCu respect,<br \/>\nPrimarul ora\u0219ului Sergiu Andronachi<\/p>","protected":false},"excerpt":{"rendered":"<p>Din numele Prim\u0103riei ora\u0219ului Cimi\u0219lia \u0219i al meu personal, aducem sincere mul\u021bumiri Departamentului pentru Rela\u021bia cu Republica Moldova, pentru sprijinul \u0219i ajutorul acordat institu\u021biilor de \u00eenv\u0103\u021b\u0103m\u00e2nt din ora\u0219ul Cimi\u0219lia: Liceul Teortic ,,Ion Creang\u0103\u201d; Liceul Teoretic ,,Mihai Eminescu\u201d; Gimnaziul ,,Al. Pu\u0219kin\u201d. Astfel, 140 de elevi din toate instuti\u021biile men\u021bionate mai sus au primit pachete de rechizite&hellip;<\/p>","protected":false},"author":1,"featured_media":15422,"comment_status":"open","ping_status":"open","sticky":false,"template":"","format":"standard","meta":{"inline_featured_image":false,"footnotes":""},"categories":[1],"tags":[],"_links":{"self":[{"href":"https:\/\/cimislia.md\/ru\/wp-json\/wp\/v2\/posts\/15418"}],"collection":[{"href":"https:\/\/cimislia.md\/ru\/wp-json\/wp\/v2\/posts"}],"about":[{"href":"https:\/\/cimislia.md\/ru\/wp-json\/wp\/v2\/types\/post"}],"author":[{"embeddable":true,"href":"https:\/\/cimislia.md\/ru\/wp-json\/wp\/v2\/users\/1"}],"replies":[{"embeddable":true,"href":"https:\/\/cimislia.md\/ru\/wp-json\/wp\/v2\/comments?post=15418"}],"version-history":[{"count":0,"href":"https:\/\/cimislia.md\/ru\/wp-json\/wp\/v2\/posts\/15418\/revisions"}],"wp:featuredmedia":[{"embeddable":true,"href":"https:\/\/cimislia.md\/ru\/wp-json\/wp\/v2\/media\/15422"}],"wp:attachment":[{"href":"https:\/\/cimislia.md\/ru\/wp-json\/wp\/v2\/media?parent=15418"}],"wp:term":[{"taxonomy":"category","embeddable":true,"href":"https:\/\/cimislia.md\/ru\/wp-json\/wp\/v2\/categories?post=15418"},{"taxonomy":"post_tag","embeddable":true,"href":"https:\/\/cimislia.md\/ru\/wp-json\/wp\/v2\/tags?post=15418"}],"curies":[{"name":"wp","href":"https:\/\/api.w.org\/{rel}","templated":true}]}}