{"id":15453,"date":"2023-10-06T15:00:34","date_gmt":"2023-10-06T12:00:34","guid":{"rendered":"https:\/\/cimislia.md\/?p=15453"},"modified":"2023-10-06T15:05:54","modified_gmt":"2023-10-06T12:05:54","slug":"mitingul-solemn-dedicat-zilei-independentei-republicii-moldova-in-scuarul-tricolorului-din-cimislia","status":"publish","type":"post","link":"https:\/\/cimislia.md\/ru\/noutati\/mitingul-solemn-dedicat-zilei-independentei-republicii-moldova-in-scuarul-tricolorului-din-cimislia\/","title":{"rendered":"Mitingul Solemn dedicat Zilei Independen\u021bei Republicii Moldova \u00een Scuarul Tricolorului din Cimi\u0219lia"},"content":{"rendered":"<p>Pe data de 27 August 2023, \u00een Scuarul Tricolorului or. Cimi\u0219lia, a avut<br \/>\nloc\u00a0 mitingul solemn dedicat Zilei Independen\u021bei Republicii Moldova &#8211;<br \/>\nuna dintre cele mai importante s\u0103rb\u0103tori ale statului nostru. \u00cen acest<br \/>\nan, Republica Moldova marcheaz\u0103 32 de ani de la proclamarea<br \/>\nIndependen\u021bei.<br \/>\nLa mitingul solemn consacrat Zilei Independen\u021bei Republicii Moldova,<br \/>\nmesaje de felicitare au venit din partea: primarului ora\u0219ului Cimi\u0219lia<br \/>\ndl Sergiu Andronachi, pre\u015fedintelui raionului, dl Mihail Ol\u0103rescu,<br \/>\npre\u0219edintele ,,AO Tiras Tighina\u201d &#8211; dl Sergiu Pris\u0103caru.<br \/>\nEvenimentul continu\u00e2nd cu depunere de flori la Monumentul lui \u0218tefan<br \/>\ncel Mare si Sfant.<br \/>\nPe 27 August, celebr\u0103m \u00eempreun\u0103 Moldova \u0219i oamenii \u021b\u0103rii!<br \/>\n\u00cen contextul acestei s\u0103rb\u0103tori, v\u0103 dorim, stima\u0163i cimi\u0219lieni, s\u0103 ave\u021bi<br \/>\nparte de s\u0103n\u0103tate, fericire, prosperitate, pace, perseveren\u0163\u0103 \u015fi noi<br \/>\nrealiz\u0103ri \u00een munca Dumneavoastr\u0103 de zi de zi.<br \/>\nLa mul\u0163i ani, Republica Moldova!<br \/>\nCu deosebit respect,<br \/>\nPrimarul ora\u0219ului \u2013 Sergiu ANDRONACHI<\/p>","protected":false},"excerpt":{"rendered":"<p>Pe data de 27 August 2023, \u00een Scuarul Tricolorului or. Cimi\u0219lia, a avut loc\u00a0 mitingul solemn dedicat Zilei Independen\u021bei Republicii Moldova &#8211; una dintre cele mai importante s\u0103rb\u0103tori ale statului nostru. \u00cen acest an, Republica Moldova marcheaz\u0103 32 de ani de la proclamarea Independen\u021bei. La mitingul solemn consacrat Zilei Independen\u021bei Republicii Moldova, mesaje de felicitare&hellip;<\/p>","protected":false},"author":1,"featured_media":15454,"comment_status":"open","ping_status":"open","sticky":false,"template":"","format":"standard","meta":{"inline_featured_image":false,"footnotes":""},"categories":[1],"tags":[],"_links":{"self":[{"href":"https:\/\/cimislia.md\/ru\/wp-json\/wp\/v2\/posts\/15453"}],"collection":[{"href":"https:\/\/cimislia.md\/ru\/wp-json\/wp\/v2\/posts"}],"about":[{"href":"https:\/\/cimislia.md\/ru\/wp-json\/wp\/v2\/types\/post"}],"author":[{"embeddable":true,"href":"https:\/\/cimislia.md\/ru\/wp-json\/wp\/v2\/users\/1"}],"replies":[{"embeddable":true,"href":"https:\/\/cimislia.md\/ru\/wp-json\/wp\/v2\/comments?post=15453"}],"version-history":[{"count":0,"href":"https:\/\/cimislia.md\/ru\/wp-json\/wp\/v2\/posts\/15453\/revisions"}],"wp:featuredmedia":[{"embeddable":true,"href":"https:\/\/cimislia.md\/ru\/wp-json\/wp\/v2\/media\/15454"}],"wp:attachment":[{"href":"https:\/\/cimislia.md\/ru\/wp-json\/wp\/v2\/media?parent=15453"}],"wp:term":[{"taxonomy":"category","embeddable":true,"href":"https:\/\/cimislia.md\/ru\/wp-json\/wp\/v2\/categories?post=15453"},{"taxonomy":"post_tag","embeddable":true,"href":"https:\/\/cimislia.md\/ru\/wp-json\/wp\/v2\/tags?post=15453"}],"curies":[{"name":"wp","href":"https:\/\/api.w.org\/{rel}","templated":true}]}}