{"id":17225,"date":"2023-12-04T10:02:55","date_gmt":"2023-12-04T08:02:55","guid":{"rendered":"https:\/\/cimislia.md\/?p=17225"},"modified":"2023-12-04T10:11:17","modified_gmt":"2023-12-04T08:11:17","slug":"un-nou-proiect-ce-are-ca-scop-identificarea-si-distribuirea-hranei-pentru-bovine-si-asistenta-pentru-gospodariile-agricole-mici-vulnerabile-afectate-de-conflictul-din-ucraina-si-seceta","status":"publish","type":"post","link":"https:\/\/cimislia.md\/ru\/noutati\/un-nou-proiect-ce-are-ca-scop-identificarea-si-distribuirea-hranei-pentru-bovine-si-asistenta-pentru-gospodariile-agricole-mici-vulnerabile-afectate-de-conflictul-din-ucraina-si-seceta\/","title":{"rendered":"Un nou proiect ce are ca scop identificarea \u0219i distribuirea hranei pentru bovine \u0219i asisten\u0163\u0103 pentru gospod\u0103riile agricole mici vulnerabile afectate de conflictul din Ucraina \u0219i secet\u0103."},"content":{"rendered":"<p><strong>Stima\u021bi locuitori ai UAT or. Cimi\u0219lia, V\u0103 inform\u0103m despre un nou proiect ce are ca scop IDENTIFICAREA \u0218I DISTRIBUIREA HRANEI PENTRU BOVINE \u0218I ASISTEN\u0162\u0102 PENTRU GOSPOD\u0102RIILE AGRICOLE MICI VULNERABILE AFECTATE DE CONFLICTUL DIN UCRAINA \u0218I SECET\u0102.<\/strong><\/p>\n<p>Ce prevede acest proiect:<br \/>\n&#8211; Se selecteaz\u0103 poten\u021bialii beneficiari care de\u021bin cu drept de proprietate p\u00e2n\u0103 la 5 bovine, dintre care cel pu\u021bin 1 vac\u0103 este mulg\u0103toare, \u00eenregistrate \u00een Registrul de Stat al Animalelor al ANSA;<br \/>\n&#8211; Persoanele ce vor depune cerere de acordare a ajutorului material (furajere concentrate) pentru vaci mulg\u0103toare \u0219i vor corespunde cerin\u021belor din proiect, vor beneficia de o anumit\u0103 cantitate de furaje pentru \u00eentre\u021binerea 1 vac\u0103 mulg\u0103toare.<br \/>\nsolicitantul\u2013 (de\u021bin\u0103tor de animale care de\u021bine cu drept de proprietate p\u00e2n\u0103 la 5 capete de bovine (dintre care cel pu\u021bin 1 vac\u0103 mulg\u0103toare) \u0219i a depus cererea pentru a beneficia de ajutor material pentru hrana vacilor mulg\u0103toare) se prezint\u0103 la prim\u0103ria or. Cimi\u0219lia, complecteaz\u0103 cererea, prezint\u0103 buletinul de identitate \u0219i num\u0103rul de identificare crotalii.<\/p>\n<p>Nu sunt eligibili pentru ajutorul material de furaje concentrate, de\u021bin\u0103torii de animale care au \u00een posesie: magazin, restaurant, bar, benzin\u0103rie, lac pentru cre\u0219terea pe\u0219telui sau agrement.<\/p>\n<p>Se anexeaz\u0103 Dispozi\u021bia primarului ,,Cu privire la instituirea grupului de lucru local pentru selectarea beneficiarilor \u0219i repartizarea ajutorului sub form\u0103 de furaje concentrate pentru fermierii mici \u0219i gospod\u0103riile rurale vulnerabile, oferit de FAO \u00een Moldova,,<\/p>\n<p><img decoding=\"async\" class=\"alignnone size-medium wp-image-17226\" src=\"https:\/\/cimislia.md\/wp-content\/uploads\/2023\/12\/\u0438\u0437\u043e\u0431\u0440\u0430\u0436\u0435\u043d\u0438\u0435_viber_2023-12-04_08-31-04-255-181x300.jpg\" alt=\"\" width=\"181\" height=\"300\" srcset=\"https:\/\/cimislia.md\/wp-content\/uploads\/2023\/12\/\u0438\u0437\u043e\u0431\u0440\u0430\u0436\u0435\u043d\u0438\u0435_viber_2023-12-04_08-31-04-255-181x300.jpg 181w, https:\/\/cimislia.md\/wp-content\/uploads\/2023\/12\/\u0438\u0437\u043e\u0431\u0440\u0430\u0436\u0435\u043d\u0438\u0435_viber_2023-12-04_08-31-04-255-619x1024.jpg 619w, https:\/\/cimislia.md\/wp-content\/uploads\/2023\/12\/\u0438\u0437\u043e\u0431\u0440\u0430\u0436\u0435\u043d\u0438\u0435_viber_2023-12-04_08-31-04-255-768x1271.jpg 768w, https:\/\/cimislia.md\/wp-content\/uploads\/2023\/12\/\u0438\u0437\u043e\u0431\u0440\u0430\u0436\u0435\u043d\u0438\u0435_viber_2023-12-04_08-31-04-255-928x1536.jpg 928w, https:\/\/cimislia.md\/wp-content\/uploads\/2023\/12\/\u0438\u0437\u043e\u0431\u0440\u0430\u0436\u0435\u043d\u0438\u0435_viber_2023-12-04_08-31-04-255-7x12.jpg 7w, https:\/\/cimislia.md\/wp-content\/uploads\/2023\/12\/\u0438\u0437\u043e\u0431\u0440\u0430\u0436\u0435\u043d\u0438\u0435_viber_2023-12-04_08-31-04-255.jpg 967w\" sizes=\"(max-width: 181px) 100vw, 181px\" \/><\/p>","protected":false},"excerpt":{"rendered":"<p>Stima\u021bi locuitori ai UAT or. Cimi\u0219lia, V\u0103 inform\u0103m despre un nou proiect ce are ca scop IDENTIFICAREA \u0218I DISTRIBUIREA HRANEI PENTRU BOVINE \u0218I ASISTEN\u0162\u0102 PENTRU GOSPOD\u0102RIILE AGRICOLE MICI VULNERABILE AFECTATE DE CONFLICTUL DIN UCRAINA \u0218I SECET\u0102. Ce prevede acest proiect: &#8211; Se selecteaz\u0103 poten\u021bialii beneficiari care de\u021bin cu drept de proprietate p\u00e2n\u0103 la 5 bovine,&hellip;<\/p>","protected":false},"author":3,"featured_media":17230,"comment_status":"open","ping_status":"open","sticky":false,"template":"","format":"standard","meta":{"inline_featured_image":false,"footnotes":""},"categories":[1],"tags":[],"_links":{"self":[{"href":"https:\/\/cimislia.md\/ru\/wp-json\/wp\/v2\/posts\/17225"}],"collection":[{"href":"https:\/\/cimislia.md\/ru\/wp-json\/wp\/v2\/posts"}],"about":[{"href":"https:\/\/cimislia.md\/ru\/wp-json\/wp\/v2\/types\/post"}],"author":[{"embeddable":true,"href":"https:\/\/cimislia.md\/ru\/wp-json\/wp\/v2\/users\/3"}],"replies":[{"embeddable":true,"href":"https:\/\/cimislia.md\/ru\/wp-json\/wp\/v2\/comments?post=17225"}],"version-history":[{"count":4,"href":"https:\/\/cimislia.md\/ru\/wp-json\/wp\/v2\/posts\/17225\/revisions"}],"predecessor-version":[{"id":17231,"href":"https:\/\/cimislia.md\/ru\/wp-json\/wp\/v2\/posts\/17225\/revisions\/17231"}],"wp:featuredmedia":[{"embeddable":true,"href":"https:\/\/cimislia.md\/ru\/wp-json\/wp\/v2\/media\/17230"}],"wp:attachment":[{"href":"https:\/\/cimislia.md\/ru\/wp-json\/wp\/v2\/media?parent=17225"}],"wp:term":[{"taxonomy":"category","embeddable":true,"href":"https:\/\/cimislia.md\/ru\/wp-json\/wp\/v2\/categories?post=17225"},{"taxonomy":"post_tag","embeddable":true,"href":"https:\/\/cimislia.md\/ru\/wp-json\/wp\/v2\/tags?post=17225"}],"curies":[{"name":"wp","href":"https:\/\/api.w.org\/{rel}","templated":true}]}}