{"id":17661,"date":"2024-03-05T15:44:50","date_gmt":"2024-03-05T13:44:50","guid":{"rendered":"https:\/\/cimislia.md\/?p=17661"},"modified":"2024-03-05T15:44:50","modified_gmt":"2024-03-05T13:44:50","slug":"astazi-05-martie-2024-datorita-parteneriatului-dintre-primaria-orasului-cimislia-i-p-liceul-teoretic-ion-creanga-si-uniunea-tineretului-din-moldova-au-fost-plantate-circa-2000-de-b","status":"publish","type":"post","link":"https:\/\/cimislia.md\/ru\/noutati\/astazi-05-martie-2024-datorita-parteneriatului-dintre-primaria-orasului-cimislia-i-p-liceul-teoretic-ion-creanga-si-uniunea-tineretului-din-moldova-au-fost-plantate-circa-2000-de-b\/","title":{"rendered":"Ast\u0103zi, 05 martie 2024, datorit\u0103 parteneriatului dintre Prim\u0103ria ora\u0219ului Cimi\u0219lia, I.P. Liceul Teoretic ,,Ion Creang\u0103\u201d  \u0219i  Uniunea Tineretului din Moldova,  au fost  plantate circa 2000 de bulbi de lalele, \u00een preajma Monumentului Eroilor Cimi\u0219lieni din centrul ora\u0219ului."},"content":{"rendered":"<p>\u2705\ud83c\udf37Ast\u0103zi, 05 martie 2024, datorit\u0103 parteneriatului dintre Prim\u0103ria ora\u0219ului Cimi\u0219lia, I.P. Liceul Teoretic ,,Ion Creang\u0103\u201d \u0219i Uniunea Tineretului din Moldova, au fost plantate circa 2000 de bulbi de lalele, \u00een preajma Monumentului Eroilor Cimi\u0219lieni din centrul ora\u0219ului.<br \/>\n\ud83c\udf37Elevii clasei a XI-a ,,A\u201d din cadrul I.P. Liceul Teoretic ,,Ion Creang\u0103\u201d, au f\u0103cut un gest de voluntariat \u0219i au participat la plantarea bulbilor de lalele, care au fost primite ca dona\u021bie din partea Uniunii Tineretului din Moldova.<br \/>\n\ud83c\udf37Elevii au plantat bulbii de lalele cu mult\u0103 grij\u0103 \u0219i aten\u021bie. Sper\u0103m c\u0103 aceste minunate lalele vor \u00eenflori \u0219i ne vor bucura privirea \u0219i dispozi\u021bia.<br \/>\n\u27a1\ufe0fMul\u021bumim mult d-lui Balan Eugen &#8211; pre\u0219edintele Uniunii Tineretului din Moldova, pentru dona\u021bie \u0219i voluntariat.<br \/>\n\u2705\ud83c\udf37APL se bucur\u0103 nespus de mult c\u0103 t\u00e2n\u0103ra genera\u021bie contribuie \u0219i se implic\u0103 la \u00eenfrumuse\u021barea ora\u0219ului.<br \/>\n\u2757\ufe0f\u2757\ufe0f\u2757\ufe0fPrim\u0103ria ora\u0219ului Cimi\u0219lia, va depune \u0219i \u00een continuare eforturi de a face ora\u0219ul mai frumos \u0219i mai atragator.<\/p>\n<p><img decoding=\"async\" class=\"alignnone size-full wp-image-17657\" src=\"https:\/\/cimislia.md\/wp-content\/uploads\/2024\/03\/431215349_727054292910792_4670894449934875577_n.jpg\" alt=\"\" width=\"1200\" height=\"1600\" srcset=\"https:\/\/cimislia.md\/wp-content\/uploads\/2024\/03\/431215349_727054292910792_4670894449934875577_n.jpg 1200w, https:\/\/cimislia.md\/wp-content\/uploads\/2024\/03\/431215349_727054292910792_4670894449934875577_n-225x300.jpg 225w, https:\/\/cimislia.md\/wp-content\/uploads\/2024\/03\/431215349_727054292910792_4670894449934875577_n-768x1024.jpg 768w, https:\/\/cimislia.md\/wp-content\/uploads\/2024\/03\/431215349_727054292910792_4670894449934875577_n-1152x1536.jpg 1152w, https:\/\/cimislia.md\/wp-content\/uploads\/2024\/03\/431215349_727054292910792_4670894449934875577_n-9x12.jpg 9w\" sizes=\"(max-width: 1200px) 100vw, 1200px\" \/><img decoding=\"async\" class=\"alignnone size-full wp-image-17656\" src=\"https:\/\/cimislia.md\/wp-content\/uploads\/2024\/03\/431144883_727054876244067_8132881631275399773_n.jpg\" alt=\"\" width=\"1200\" height=\"1600\" srcset=\"https:\/\/cimislia.md\/wp-content\/uploads\/2024\/03\/431144883_727054876244067_8132881631275399773_n.jpg 1200w, https:\/\/cimislia.md\/wp-content\/uploads\/2024\/03\/431144883_727054876244067_8132881631275399773_n-225x300.jpg 225w, https:\/\/cimislia.md\/wp-content\/uploads\/2024\/03\/431144883_727054876244067_8132881631275399773_n-768x1024.jpg 768w, https:\/\/cimislia.md\/wp-content\/uploads\/2024\/03\/431144883_727054876244067_8132881631275399773_n-1152x1536.jpg 1152w, https:\/\/cimislia.md\/wp-content\/uploads\/2024\/03\/431144883_727054876244067_8132881631275399773_n-9x12.jpg 9w\" sizes=\"(max-width: 1200px) 100vw, 1200px\" \/><img decoding=\"async\" class=\"alignnone size-full wp-image-17655\" src=\"https:\/\/cimislia.md\/wp-content\/uploads\/2024\/03\/431040928_727054879577400_7619397848313090430_n.jpg\" alt=\"\" width=\"1200\" height=\"1600\" srcset=\"https:\/\/cimislia.md\/wp-content\/uploads\/2024\/03\/431040928_727054879577400_7619397848313090430_n.jpg 1200w, https:\/\/cimislia.md\/wp-content\/uploads\/2024\/03\/431040928_727054879577400_7619397848313090430_n-225x300.jpg 225w, https:\/\/cimislia.md\/wp-content\/uploads\/2024\/03\/431040928_727054879577400_7619397848313090430_n-768x1024.jpg 768w, https:\/\/cimislia.md\/wp-content\/uploads\/2024\/03\/431040928_727054879577400_7619397848313090430_n-1152x1536.jpg 1152w, https:\/\/cimislia.md\/wp-content\/uploads\/2024\/03\/431040928_727054879577400_7619397848313090430_n-9x12.jpg 9w\" sizes=\"(max-width: 1200px) 100vw, 1200px\" \/><img decoding=\"async\" class=\"alignnone size-full wp-image-17654\" src=\"https:\/\/cimislia.md\/wp-content\/uploads\/2024\/03\/431488012_727054546244100_3045498964367140724_n.jpg\" alt=\"\" width=\"1200\" height=\"1600\" srcset=\"https:\/\/cimislia.md\/wp-content\/uploads\/2024\/03\/431488012_727054546244100_3045498964367140724_n.jpg 1200w, https:\/\/cimislia.md\/wp-content\/uploads\/2024\/03\/431488012_727054546244100_3045498964367140724_n-225x300.jpg 225w, https:\/\/cimislia.md\/wp-content\/uploads\/2024\/03\/431488012_727054546244100_3045498964367140724_n-768x1024.jpg 768w, https:\/\/cimislia.md\/wp-content\/uploads\/2024\/03\/431488012_727054546244100_3045498964367140724_n-1152x1536.jpg 1152w, https:\/\/cimislia.md\/wp-content\/uploads\/2024\/03\/431488012_727054546244100_3045498964367140724_n-9x12.jpg 9w\" sizes=\"(max-width: 1200px) 100vw, 1200px\" \/><\/p>","protected":false},"excerpt":{"rendered":"<p>\u2705\ud83c\udf37Ast\u0103zi, 05 martie 2024, datorit\u0103 parteneriatului dintre Prim\u0103ria ora\u0219ului Cimi\u0219lia, I.P. Liceul Teoretic ,,Ion Creang\u0103\u201d \u0219i Uniunea Tineretului din Moldova, au fost plantate circa 2000 de bulbi de lalele, \u00een preajma Monumentului Eroilor Cimi\u0219lieni din centrul ora\u0219ului. \ud83c\udf37Elevii clasei a XI-a ,,A\u201d din cadrul I.P. Liceul Teoretic ,,Ion Creang\u0103\u201d, au f\u0103cut un gest de voluntariat&hellip;<\/p>","protected":false},"author":3,"featured_media":17657,"comment_status":"open","ping_status":"open","sticky":false,"template":"","format":"standard","meta":{"inline_featured_image":false,"footnotes":""},"categories":[1],"tags":[],"_links":{"self":[{"href":"https:\/\/cimislia.md\/ru\/wp-json\/wp\/v2\/posts\/17661"}],"collection":[{"href":"https:\/\/cimislia.md\/ru\/wp-json\/wp\/v2\/posts"}],"about":[{"href":"https:\/\/cimislia.md\/ru\/wp-json\/wp\/v2\/types\/post"}],"author":[{"embeddable":true,"href":"https:\/\/cimislia.md\/ru\/wp-json\/wp\/v2\/users\/3"}],"replies":[{"embeddable":true,"href":"https:\/\/cimislia.md\/ru\/wp-json\/wp\/v2\/comments?post=17661"}],"version-history":[{"count":1,"href":"https:\/\/cimislia.md\/ru\/wp-json\/wp\/v2\/posts\/17661\/revisions"}],"predecessor-version":[{"id":17662,"href":"https:\/\/cimislia.md\/ru\/wp-json\/wp\/v2\/posts\/17661\/revisions\/17662"}],"wp:featuredmedia":[{"embeddable":true,"href":"https:\/\/cimislia.md\/ru\/wp-json\/wp\/v2\/media\/17657"}],"wp:attachment":[{"href":"https:\/\/cimislia.md\/ru\/wp-json\/wp\/v2\/media?parent=17661"}],"wp:term":[{"taxonomy":"category","embeddable":true,"href":"https:\/\/cimislia.md\/ru\/wp-json\/wp\/v2\/categories?post=17661"},{"taxonomy":"post_tag","embeddable":true,"href":"https:\/\/cimislia.md\/ru\/wp-json\/wp\/v2\/tags?post=17661"}],"curies":[{"name":"wp","href":"https:\/\/api.w.org\/{rel}","templated":true}]}}