{"id":17821,"date":"2024-04-04T09:24:37","date_gmt":"2024-04-04T06:24:37","guid":{"rendered":"https:\/\/cimislia.md\/?p=17821"},"modified":"2024-04-04T09:24:37","modified_gmt":"2024-04-04T06:24:37","slug":"mesaj-de-felicitare-cu-ocazia-zilei-profesionale-a-contabilului","status":"publish","type":"post","link":"https:\/\/cimislia.md\/ru\/noutati\/mesaj-de-felicitare-cu-ocazia-zilei-profesionale-a-contabilului\/","title":{"rendered":"Mesaj de felicitare cu ocazia Zilei profesionale a Contabilului!"},"content":{"rendered":"<p>\ud83d\udc90 Este deja o frumoas\u0103 tradi\u021bie, ca anual, la 4\ufe0f\u20e3 aprilie \u00een Republica Moldova s\u0103 fie marcat\u0103 s\u0103rb\u0103toarea profesional\u0103 ,,\ud835\udc81\ud835\udc8a\ud835\udc96\ud835\udc82 \ud835\udc6a\ud835\udc90\ud835\udc8f\ud835\udc95\ud835\udc82\ud835\udc83\ud835\udc8a\ud835\udc8d\ud835\udc96\ud835\udc8d\ud835\udc96\ud835\udc8a \u201d.<br \/>\nCu acest frumos prilej, \u00een numele Prim\u0103riei ora\u0219ului Cimi\u0219lia \u0219i al meu personal, exprim\u0103m \u00eenalte considera\u021biuni \u0219i aprecieri pentru munca asidu\u0103 din domeniul contabilit\u0103\u0163ii, profesionalismul, r\u0103bdarea, perseveren\u021ba \u0219i devotamentul depus \u00een exercitarea atribu\u021biilor zi de zi.<\/p>\n<p>\ud83d\udc90V\u0103 dorim mult\u0103 s\u0103n\u0103tate, prosperitate, bun\u0103stare, s\u0103 ave\u021bi parte de toat\u0103 recuno\u0219tin\u021ba cet\u0103\u021benilor \u0219i colegilor pentru angajamentul \u0219i competen\u021bele profesionale de care da\u021bi dovad\u0103 \u00een activitate.<br \/>\n\ud835\udc0f\ud835\udc1a\ud835\udc1c\ud835\udc1e \ud835\udc2c\u0326\ud835\udc22 \ud835\udc25\ud835\udc22\ud835\udc27\ud835\udc22\ud835\udc2c\u0326\ud835\udc2d\ud835\udc1e \ud835\udc22\u0302\ud835\udc27 \ud835\udc1c\ud835\udc1a\ud835\udc2c\ud835\udc1e\ud835\udc25\ud835\udc1e \ud835\udc03\ud835\udc2e\ud835\udc26\ud835\udc27\ud835\udc1e\ud835\udc1a\ud835\udc2f\ud835\udc28\ud835\udc1a\ud835\udc2c\ud835\udc2d\ud835\udc2b\ud835\udc1a\u0306!<\/p>\n<p>Cu profund respect,<br \/>\nPrmarul ora\u0219ului Cimi\u0219lia<br \/>\nSergiu Andronachi<\/p>\n<p><img decoding=\"async\" class=\"alignnone size-full wp-image-17822\" src=\"https:\/\/cimislia.md\/wp-content\/uploads\/2024\/04\/Sincere-felicitari-cu-prilejul-zilei-profesionale-a-Contabilului.jpg\" alt=\"\" width=\"940\" height=\"788\" srcset=\"https:\/\/cimislia.md\/wp-content\/uploads\/2024\/04\/Sincere-felicitari-cu-prilejul-zilei-profesionale-a-Contabilului.jpg 940w, https:\/\/cimislia.md\/wp-content\/uploads\/2024\/04\/Sincere-felicitari-cu-prilejul-zilei-profesionale-a-Contabilului-300x251.jpg 300w, https:\/\/cimislia.md\/wp-content\/uploads\/2024\/04\/Sincere-felicitari-cu-prilejul-zilei-profesionale-a-Contabilului-768x644.jpg 768w, https:\/\/cimislia.md\/wp-content\/uploads\/2024\/04\/Sincere-felicitari-cu-prilejul-zilei-profesionale-a-Contabilului-14x12.jpg 14w\" sizes=\"(max-width: 940px) 100vw, 940px\" \/><\/p>","protected":false},"excerpt":{"rendered":"<p>\ud83d\udc90 Este deja o frumoas\u0103 tradi\u021bie, ca anual, la 4\ufe0f\u20e3 aprilie \u00een Republica Moldova s\u0103 fie marcat\u0103 s\u0103rb\u0103toarea profesional\u0103 ,,\ud835\udc81\ud835\udc8a\ud835\udc96\ud835\udc82 \ud835\udc6a\ud835\udc90\ud835\udc8f\ud835\udc95\ud835\udc82\ud835\udc83\ud835\udc8a\ud835\udc8d\ud835\udc96\ud835\udc8d\ud835\udc96\ud835\udc8a \u201d. Cu acest frumos prilej, \u00een numele Prim\u0103riei ora\u0219ului Cimi\u0219lia \u0219i al meu personal, exprim\u0103m \u00eenalte considera\u021biuni \u0219i aprecieri pentru munca asidu\u0103 din domeniul contabilit\u0103\u0163ii, profesionalismul, r\u0103bdarea, perseveren\u021ba \u0219i devotamentul depus \u00een exercitarea atribu\u021biilor&hellip;<\/p>","protected":false},"author":3,"featured_media":17822,"comment_status":"open","ping_status":"open","sticky":false,"template":"","format":"standard","meta":{"inline_featured_image":false,"footnotes":""},"categories":[1],"tags":[],"_links":{"self":[{"href":"https:\/\/cimislia.md\/ru\/wp-json\/wp\/v2\/posts\/17821"}],"collection":[{"href":"https:\/\/cimislia.md\/ru\/wp-json\/wp\/v2\/posts"}],"about":[{"href":"https:\/\/cimislia.md\/ru\/wp-json\/wp\/v2\/types\/post"}],"author":[{"embeddable":true,"href":"https:\/\/cimislia.md\/ru\/wp-json\/wp\/v2\/users\/3"}],"replies":[{"embeddable":true,"href":"https:\/\/cimislia.md\/ru\/wp-json\/wp\/v2\/comments?post=17821"}],"version-history":[{"count":1,"href":"https:\/\/cimislia.md\/ru\/wp-json\/wp\/v2\/posts\/17821\/revisions"}],"predecessor-version":[{"id":17823,"href":"https:\/\/cimislia.md\/ru\/wp-json\/wp\/v2\/posts\/17821\/revisions\/17823"}],"wp:featuredmedia":[{"embeddable":true,"href":"https:\/\/cimislia.md\/ru\/wp-json\/wp\/v2\/media\/17822"}],"wp:attachment":[{"href":"https:\/\/cimislia.md\/ru\/wp-json\/wp\/v2\/media?parent=17821"}],"wp:term":[{"taxonomy":"category","embeddable":true,"href":"https:\/\/cimislia.md\/ru\/wp-json\/wp\/v2\/categories?post=17821"},{"taxonomy":"post_tag","embeddable":true,"href":"https:\/\/cimislia.md\/ru\/wp-json\/wp\/v2\/tags?post=17821"}],"curies":[{"name":"wp","href":"https:\/\/api.w.org\/{rel}","templated":true}]}}