{"id":17912,"date":"2024-04-11T14:42:36","date_gmt":"2024-04-11T11:42:36","guid":{"rendered":"https:\/\/cimislia.md\/?p=17912"},"modified":"2024-04-12T14:44:38","modified_gmt":"2024-04-12T11:44:38","slug":"semnarea-acordului-de-colaborare-intre-camera-de-comert-si-industrie-a-republicii-moldova-si-primaria-orasului-cimislia","status":"publish","type":"post","link":"https:\/\/cimislia.md\/ru\/noutati\/semnarea-acordului-de-colaborare-intre-camera-de-comert-si-industrie-a-republicii-moldova-si-primaria-orasului-cimislia\/","title":{"rendered":"Semnarea Acordului de colaborare \u00eentre Camera de Comer\u021b \u0219i Industrie a Republicii Moldova \u0219i Prim\u0103ria ora\u0219ului Cimi\u0219lia"},"content":{"rendered":"<div class=\"x11i5rnm xat24cr x1mh8g0r x1vvkbs xtlvy1s x126k92a\">\n<div dir=\"auto\"><span class=\"x3nfvp2 x1j61x8r x1fcty0u xdj266r xhhsvwb xat24cr xgzva0m xxymvpz xlup9mm x1kky2od\"><img decoding=\"async\" class=\"xz74otr\" src=\"https:\/\/static.xx.fbcdn.net\/images\/emoji.php\/v9\/te2\/1\/16\/270d.png\" alt=\"\u270d\ufe0f\" width=\"16\" height=\"16\" \/><\/span>Ast\u0103zi, 11 aprilie 2024, \u00een sala de protocol a Consiliului Raional Cimi\u0219lia, a avut loc semnarea Acordului de colaborare \u00eentre Camera de Comer\u021b \u0219i Industrie a Republicii Moldova \u0219i Prim\u0103ria ora\u0219ului Cimi\u0219lia.<\/div>\n<\/div>\n<div class=\"x11i5rnm xat24cr x1mh8g0r x1vvkbs xtlvy1s x126k92a\">\n<div dir=\"auto\"><\/div>\n<div dir=\"auto\">Acordul are drept scop dezvoltarea poten\u021bialului economic a ora\u0219ului, \u00eembun\u0103t\u0103\u021birea condi\u021biilor economice \u0219i de reglementare a activit\u0103\u021bii de \u00eentreprinz\u0103tor din regiune, eficientizarea climatului investi\u021bional \u0219i de afaceri la nivel local, fortificarea dialogului public-privat, sporirea transparen\u021bei \u0219i accesului la serviciile publice, conform necesit\u0103\u021bilor mediului de afaceri.<\/div>\n<\/div>\n<div class=\"x11i5rnm xat24cr x1mh8g0r x1vvkbs xtlvy1s x126k92a\">\n<div dir=\"auto\"><\/div>\n<div dir=\"auto\">Ambele p\u0103r\u021bi vor conveni la o conlucrare mutual\u0103 \u00een scopul atingerii obiectivelor Acordului.<\/div>\n<\/div>\n<div class=\"x11i5rnm xat24cr x1mh8g0r x1vvkbs xtlvy1s x126k92a\">\n<div dir=\"auto\"><\/div>\n<div dir=\"auto\">Acordul a fost semnat de c\u0103tre primarul ora\u0219ului Cimi\u0219lia, dl Sergiu Andronachi \u0219i pre\u0219edintele CCI a Republicii Moldova, dl Sergiu Harea.<\/div>\n<\/div>\n<div class=\"x11i5rnm xat24cr x1mh8g0r x1vvkbs xtlvy1s x126k92a\">\n<div dir=\"auto\"><\/div>\n<div dir=\"auto\">E de men\u021bionat c\u0103 acordul \u00eentre ambele p\u0103r\u021bi a fost \u00eencheiat pentru o perioad\u0103 de 3 ani.<\/div>\n<div dir=\"auto\"><img decoding=\"async\" class=\"alignnone size-full wp-image-17913\" src=\"https:\/\/cimislia.md\/wp-content\/uploads\/2024\/04\/1-\u0438\u0437\u043e\u0431\u0440\u0430\u0436\u0435\u043d\u0438\u0435_viber_2024-04-11_13-27-14-700.jpg\" alt=\"\" width=\"1600\" height=\"1063\" srcset=\"https:\/\/cimislia.md\/wp-content\/uploads\/2024\/04\/1-\u0438\u0437\u043e\u0431\u0440\u0430\u0436\u0435\u043d\u0438\u0435_viber_2024-04-11_13-27-14-700.jpg 1600w, https:\/\/cimislia.md\/wp-content\/uploads\/2024\/04\/1-\u0438\u0437\u043e\u0431\u0440\u0430\u0436\u0435\u043d\u0438\u0435_viber_2024-04-11_13-27-14-700-300x199.jpg 300w, https:\/\/cimislia.md\/wp-content\/uploads\/2024\/04\/1-\u0438\u0437\u043e\u0431\u0440\u0430\u0436\u0435\u043d\u0438\u0435_viber_2024-04-11_13-27-14-700-1024x680.jpg 1024w, https:\/\/cimislia.md\/wp-content\/uploads\/2024\/04\/1-\u0438\u0437\u043e\u0431\u0440\u0430\u0436\u0435\u043d\u0438\u0435_viber_2024-04-11_13-27-14-700-768x510.jpg 768w, https:\/\/cimislia.md\/wp-content\/uploads\/2024\/04\/1-\u0438\u0437\u043e\u0431\u0440\u0430\u0436\u0435\u043d\u0438\u0435_viber_2024-04-11_13-27-14-700-1536x1020.jpg 1536w, https:\/\/cimislia.md\/wp-content\/uploads\/2024\/04\/1-\u0438\u0437\u043e\u0431\u0440\u0430\u0436\u0435\u043d\u0438\u0435_viber_2024-04-11_13-27-14-700-18x12.jpg 18w\" sizes=\"(max-width: 1600px) 100vw, 1600px\" \/><\/div>\n<div dir=\"auto\"><img decoding=\"async\" class=\"alignnone size-full wp-image-17914\" src=\"https:\/\/cimislia.md\/wp-content\/uploads\/2024\/04\/434465958_748060654143489_3325707312794266859_n.jpg\" alt=\"\" width=\"1600\" height=\"1063\" srcset=\"https:\/\/cimislia.md\/wp-content\/uploads\/2024\/04\/434465958_748060654143489_3325707312794266859_n.jpg 1600w, https:\/\/cimislia.md\/wp-content\/uploads\/2024\/04\/434465958_748060654143489_3325707312794266859_n-300x199.jpg 300w, https:\/\/cimislia.md\/wp-content\/uploads\/2024\/04\/434465958_748060654143489_3325707312794266859_n-1024x680.jpg 1024w, https:\/\/cimislia.md\/wp-content\/uploads\/2024\/04\/434465958_748060654143489_3325707312794266859_n-768x510.jpg 768w, https:\/\/cimislia.md\/wp-content\/uploads\/2024\/04\/434465958_748060654143489_3325707312794266859_n-1536x1020.jpg 1536w, https:\/\/cimislia.md\/wp-content\/uploads\/2024\/04\/434465958_748060654143489_3325707312794266859_n-18x12.jpg 18w\" sizes=\"(max-width: 1600px) 100vw, 1600px\" \/> <img decoding=\"async\" class=\"alignnone size-full wp-image-17915\" src=\"https:\/\/cimislia.md\/wp-content\/uploads\/2024\/04\/434450013_748060547476833_2296003225158080988_n.jpg\" alt=\"\" width=\"1600\" height=\"1063\" srcset=\"https:\/\/cimislia.md\/wp-content\/uploads\/2024\/04\/434450013_748060547476833_2296003225158080988_n.jpg 1600w, https:\/\/cimislia.md\/wp-content\/uploads\/2024\/04\/434450013_748060547476833_2296003225158080988_n-300x199.jpg 300w, https:\/\/cimislia.md\/wp-content\/uploads\/2024\/04\/434450013_748060547476833_2296003225158080988_n-1024x680.jpg 1024w, https:\/\/cimislia.md\/wp-content\/uploads\/2024\/04\/434450013_748060547476833_2296003225158080988_n-768x510.jpg 768w, https:\/\/cimislia.md\/wp-content\/uploads\/2024\/04\/434450013_748060547476833_2296003225158080988_n-1536x1020.jpg 1536w, https:\/\/cimislia.md\/wp-content\/uploads\/2024\/04\/434450013_748060547476833_2296003225158080988_n-18x12.jpg 18w\" sizes=\"(max-width: 1600px) 100vw, 1600px\" \/><\/div>\n<\/div>","protected":false},"excerpt":{"rendered":"<p>Ast\u0103zi, 11 aprilie 2024, \u00een sala de protocol a Consiliului Raional Cimi\u0219lia, a avut loc semnarea Acordului de colaborare \u00eentre Camera de Comer\u021b \u0219i Industrie a Republicii Moldova \u0219i Prim\u0103ria ora\u0219ului Cimi\u0219lia. Acordul are drept scop dezvoltarea poten\u021bialului economic a ora\u0219ului, \u00eembun\u0103t\u0103\u021birea condi\u021biilor economice \u0219i de reglementare a activit\u0103\u021bii de \u00eentreprinz\u0103tor din regiune, eficientizarea climatului&hellip;<\/p>","protected":false},"author":3,"featured_media":17913,"comment_status":"open","ping_status":"open","sticky":false,"template":"","format":"standard","meta":{"inline_featured_image":false,"footnotes":""},"categories":[1],"tags":[],"_links":{"self":[{"href":"https:\/\/cimislia.md\/ru\/wp-json\/wp\/v2\/posts\/17912"}],"collection":[{"href":"https:\/\/cimislia.md\/ru\/wp-json\/wp\/v2\/posts"}],"about":[{"href":"https:\/\/cimislia.md\/ru\/wp-json\/wp\/v2\/types\/post"}],"author":[{"embeddable":true,"href":"https:\/\/cimislia.md\/ru\/wp-json\/wp\/v2\/users\/3"}],"replies":[{"embeddable":true,"href":"https:\/\/cimislia.md\/ru\/wp-json\/wp\/v2\/comments?post=17912"}],"version-history":[{"count":1,"href":"https:\/\/cimislia.md\/ru\/wp-json\/wp\/v2\/posts\/17912\/revisions"}],"predecessor-version":[{"id":17916,"href":"https:\/\/cimislia.md\/ru\/wp-json\/wp\/v2\/posts\/17912\/revisions\/17916"}],"wp:featuredmedia":[{"embeddable":true,"href":"https:\/\/cimislia.md\/ru\/wp-json\/wp\/v2\/media\/17913"}],"wp:attachment":[{"href":"https:\/\/cimislia.md\/ru\/wp-json\/wp\/v2\/media?parent=17912"}],"wp:term":[{"taxonomy":"category","embeddable":true,"href":"https:\/\/cimislia.md\/ru\/wp-json\/wp\/v2\/categories?post=17912"},{"taxonomy":"post_tag","embeddable":true,"href":"https:\/\/cimislia.md\/ru\/wp-json\/wp\/v2\/tags?post=17912"}],"curies":[{"name":"wp","href":"https:\/\/api.w.org\/{rel}","templated":true}]}}