{"id":18242,"date":"2024-07-02T14:38:22","date_gmt":"2024-07-02T11:38:22","guid":{"rendered":"https:\/\/cimislia.md\/?p=18242"},"modified":"2024-07-02T14:38:22","modified_gmt":"2024-07-02T11:38:22","slug":"avem-deosebita-placere-de-a-va-invita-la-un-concert-extraordinar-cu-ocazia-aniversarii-a-404-ani-de-la-prima-atestare-oficiala-a-orasului-nostru","status":"publish","type":"post","link":"https:\/\/cimislia.md\/ru\/noutati\/avem-deosebita-placere-de-a-va-invita-la-un-concert-extraordinar-cu-ocazia-aniversarii-a-404-ani-de-la-prima-atestare-oficiala-a-orasului-nostru\/","title":{"rendered":"Avem deosebita pl\u0103cere de a v\u0103 invita la un concert extraordinar, cu ocazia anivers\u0103rii a 404 ani de la prima atestare oficial\u0103 a ora\u0219ului nostru."},"content":{"rendered":"<div class=\"xdj266r x11i5rnm xat24cr x1mh8g0r x1vvkbs x126k92a\">\n<div dir=\"auto\"><span class=\"html-span xexx8yu x4uap5 x18d9i69 xkhd6sd x1hl2dhg x16tdsg8 x1vvkbs x3nfvp2 x1j61x8r x1fcty0u xdj266r xat24cr xgzva0m xhhsvwb xxymvpz xlup9mm x1kky2od\"><img decoding=\"async\" class=\"xz74otr\" src=\"https:\/\/static.xx.fbcdn.net\/images\/emoji.php\/v9\/tb4\/1\/16\/2b50.png\" alt=\"\u2b50\ufe0f\" width=\"16\" height=\"16\" \/><\/span>Dragi prieteni ai ora\u0219ului Cimi\u0219lia<span class=\"html-span xexx8yu x4uap5 x18d9i69 xkhd6sd x1hl2dhg x16tdsg8 x1vvkbs x3nfvp2 x1j61x8r x1fcty0u xdj266r xat24cr xgzva0m xhhsvwb xxymvpz xlup9mm x1kky2od\"><img decoding=\"async\" class=\"xz74otr\" src=\"https:\/\/static.xx.fbcdn.net\/images\/emoji.php\/v9\/tb4\/1\/16\/2b50.png\" alt=\"\u2b50\ufe0f\" width=\"16\" height=\"16\" \/><\/span><\/div>\n<\/div>\n<div class=\"x11i5rnm xat24cr x1mh8g0r x1vvkbs xtlvy1s x126k92a\">\n<div dir=\"auto\"><span class=\"html-span xexx8yu x4uap5 x18d9i69 xkhd6sd x1hl2dhg x16tdsg8 x1vvkbs x3nfvp2 x1j61x8r x1fcty0u xdj266r xat24cr xgzva0m xhhsvwb xxymvpz xlup9mm x1kky2od\"><img decoding=\"async\" class=\"xz74otr\" src=\"https:\/\/static.xx.fbcdn.net\/images\/emoji.php\/v9\/t33\/1\/16\/2705.png\" alt=\"\u2705\" width=\"16\" height=\"16\" \/><\/span>Cu ocazia anivers\u0103rii a 404 ani de la prima atestare oficial\u0103 a ora\u0219ului nostru, avem deosebita pl\u0103cere de a v\u0103 invita la un concert extraordinar, organizat \u00een cinstea acestei s\u0103rb\u0103tori semnificative.<\/div>\n<\/div>\n<div class=\"x11i5rnm xat24cr x1mh8g0r x1vvkbs xtlvy1s x126k92a\">\n<div dir=\"auto\">Ne vor \u00eenc\u00e2nta cu prezen\u021ba doi arti\u0219ti des\u0103v\u00e2r\u0219i\u021bi, a c\u0103ror muzic\u0103 a cucerit inimile multor genera\u021bii:<\/div>\n<div dir=\"auto\"><span class=\"html-span xexx8yu x4uap5 x18d9i69 xkhd6sd x1hl2dhg x16tdsg8 x1vvkbs x3nfvp2 x1j61x8r x1fcty0u xdj266r xat24cr xgzva0m xhhsvwb xxymvpz xlup9mm x1kky2od\"><img decoding=\"async\" class=\"xz74otr\" src=\"https:\/\/static.xx.fbcdn.net\/images\/emoji.php\/v9\/tf3\/1\/16\/1f539.png\" alt=\"\ud83d\udd39\" width=\"16\" height=\"16\" \/><\/span>Constantin Moscovici, \u00eendr\u0103gitul maestru \u0219i Artist al Poporului<\/div>\n<div dir=\"auto\"><span class=\"html-span xexx8yu x4uap5 x18d9i69 xkhd6sd x1hl2dhg x16tdsg8 x1vvkbs x3nfvp2 x1j61x8r x1fcty0u xdj266r xat24cr xgzva0m xhhsvwb xxymvpz xlup9mm x1kky2od\"><img decoding=\"async\" class=\"xz74otr\" src=\"https:\/\/static.xx.fbcdn.net\/images\/emoji.php\/v9\/tf3\/1\/16\/1f539.png\" alt=\"\ud83d\udd39\" width=\"16\" height=\"16\" \/><\/span>Natalia Proca, talentata \u0219i minunata interpret\u0103.<\/div>\n<\/div>\n<div class=\"x11i5rnm xat24cr x1mh8g0r x1vvkbs xtlvy1s x126k92a\">\n<div dir=\"auto\"><span class=\"html-span xexx8yu x4uap5 x18d9i69 xkhd6sd x1hl2dhg x16tdsg8 x1vvkbs x3nfvp2 x1j61x8r x1fcty0u xdj266r xat24cr xgzva0m xhhsvwb xxymvpz xlup9mm x1kky2od\"><img decoding=\"async\" class=\"xz74otr\" src=\"https:\/\/static.xx.fbcdn.net\/images\/emoji.php\/v9\/t50\/1\/16\/2757.png\" alt=\"\u2757\ufe0f\" width=\"16\" height=\"16\" \/><\/span><span class=\"html-span xexx8yu x4uap5 x18d9i69 xkhd6sd x1hl2dhg x16tdsg8 x1vvkbs x3nfvp2 x1j61x8r x1fcty0u xdj266r xat24cr xgzva0m xhhsvwb xxymvpz xlup9mm x1kky2od\"><img decoding=\"async\" class=\"xz74otr\" src=\"https:\/\/static.xx.fbcdn.net\/images\/emoji.php\/v9\/t50\/1\/16\/2757.png\" alt=\"\u2757\ufe0f\" width=\"16\" height=\"16\" \/><\/span><span class=\"html-span xexx8yu x4uap5 x18d9i69 xkhd6sd x1hl2dhg x16tdsg8 x1vvkbs x3nfvp2 x1j61x8r x1fcty0u xdj266r xat24cr xgzva0m xhhsvwb xxymvpz xlup9mm x1kky2od\"><img decoding=\"async\" class=\"xz74otr\" src=\"https:\/\/static.xx.fbcdn.net\/images\/emoji.php\/v9\/t50\/1\/16\/2757.png\" alt=\"\u2757\ufe0f\" width=\"16\" height=\"16\" \/><\/span>V\u0103 invit\u0103m pe data de 7 iulie 2024, ora 17:00, la Casa de Cultur\u0103 Cimi\u0219lia, pentru a celebra \u00eempreun\u0103 istoria, cultura \u0219i tradi\u021biile ora\u0219ului nostru, \u00eentr-o atmosfer\u0103 plin\u0103 de armonie \u0219i bucurie.<\/div>\n<\/div>\n<div class=\"x11i5rnm xat24cr x1mh8g0r x1vvkbs xtlvy1s x126k92a\">\n<div dir=\"auto\"><span class=\"html-span xexx8yu x4uap5 x18d9i69 xkhd6sd x1hl2dhg x16tdsg8 x1vvkbs x3nfvp2 x1j61x8r x1fcty0u xdj266r xat24cr xgzva0m xhhsvwb xxymvpz xlup9mm x1kky2od\"><img decoding=\"async\" class=\"xz74otr\" src=\"https:\/\/static.xx.fbcdn.net\/images\/emoji.php\/v9\/t50\/1\/16\/2757.png\" alt=\"\u2757\ufe0f\" width=\"16\" height=\"16\" \/><\/span>Intrarea este liber\u0103 pentru to\u021bi participan\u021bii, astfel \u00eenc\u00e2t fiecare dintre voi s\u0103 se poat\u0103 bucura de aceast\u0103 s\u0103rb\u0103toare unic\u0103.<\/div>\n<\/div>\n<div class=\"x11i5rnm xat24cr x1mh8g0r x1vvkbs xtlvy1s x126k92a\">\n<div dir=\"auto\">V\u0103 a\u0219tept\u0103m cu drag \u0219i ner\u0103bdare!<\/div>\n<div dir=\"auto\"><img decoding=\"async\" class=\"alignnone size-full wp-image-18243\" src=\"https:\/\/cimislia.md\/wp-content\/uploads\/2024\/07\/Moscovici-concert.jpg\" alt=\"\" width=\"1800\" height=\"1103\" srcset=\"https:\/\/cimislia.md\/wp-content\/uploads\/2024\/07\/Moscovici-concert.jpg 1800w, https:\/\/cimislia.md\/wp-content\/uploads\/2024\/07\/Moscovici-concert-300x184.jpg 300w, https:\/\/cimislia.md\/wp-content\/uploads\/2024\/07\/Moscovici-concert-1024x627.jpg 1024w, https:\/\/cimislia.md\/wp-content\/uploads\/2024\/07\/Moscovici-concert-768x471.jpg 768w, https:\/\/cimislia.md\/wp-content\/uploads\/2024\/07\/Moscovici-concert-1536x941.jpg 1536w, https:\/\/cimislia.md\/wp-content\/uploads\/2024\/07\/Moscovici-concert-18x12.jpg 18w\" sizes=\"(max-width: 1800px) 100vw, 1800px\" \/><\/div>\n<\/div>","protected":false},"excerpt":{"rendered":"<p>Dragi prieteni ai ora\u0219ului Cimi\u0219lia Cu ocazia anivers\u0103rii a 404 ani de la prima atestare oficial\u0103 a ora\u0219ului nostru, avem deosebita pl\u0103cere de a v\u0103 invita la un concert extraordinar, organizat \u00een cinstea acestei s\u0103rb\u0103tori semnificative. Ne vor \u00eenc\u00e2nta cu prezen\u021ba doi arti\u0219ti des\u0103v\u00e2r\u0219i\u021bi, a c\u0103ror muzic\u0103 a cucerit inimile multor genera\u021bii: Constantin Moscovici, \u00eendr\u0103gitul&hellip;<\/p>","protected":false},"author":3,"featured_media":18243,"comment_status":"open","ping_status":"open","sticky":false,"template":"","format":"standard","meta":{"inline_featured_image":false,"footnotes":""},"categories":[1],"tags":[],"_links":{"self":[{"href":"https:\/\/cimislia.md\/ru\/wp-json\/wp\/v2\/posts\/18242"}],"collection":[{"href":"https:\/\/cimislia.md\/ru\/wp-json\/wp\/v2\/posts"}],"about":[{"href":"https:\/\/cimislia.md\/ru\/wp-json\/wp\/v2\/types\/post"}],"author":[{"embeddable":true,"href":"https:\/\/cimislia.md\/ru\/wp-json\/wp\/v2\/users\/3"}],"replies":[{"embeddable":true,"href":"https:\/\/cimislia.md\/ru\/wp-json\/wp\/v2\/comments?post=18242"}],"version-history":[{"count":1,"href":"https:\/\/cimislia.md\/ru\/wp-json\/wp\/v2\/posts\/18242\/revisions"}],"predecessor-version":[{"id":18244,"href":"https:\/\/cimislia.md\/ru\/wp-json\/wp\/v2\/posts\/18242\/revisions\/18244"}],"wp:featuredmedia":[{"embeddable":true,"href":"https:\/\/cimislia.md\/ru\/wp-json\/wp\/v2\/media\/18243"}],"wp:attachment":[{"href":"https:\/\/cimislia.md\/ru\/wp-json\/wp\/v2\/media?parent=18242"}],"wp:term":[{"taxonomy":"category","embeddable":true,"href":"https:\/\/cimislia.md\/ru\/wp-json\/wp\/v2\/categories?post=18242"},{"taxonomy":"post_tag","embeddable":true,"href":"https:\/\/cimislia.md\/ru\/wp-json\/wp\/v2\/tags?post=18242"}],"curies":[{"name":"wp","href":"https:\/\/api.w.org\/{rel}","templated":true}]}}