{"id":19029,"date":"2024-10-02T14:55:51","date_gmt":"2024-10-02T11:55:51","guid":{"rendered":"https:\/\/cimislia.md\/?p=19029"},"modified":"2024-10-14T14:58:13","modified_gmt":"2024-10-14T11:58:13","slug":"astazi-02-octombrie-2024-in-incinta-primariei-orasului-cimislia-a-avut-loc-concursul-pentru-ocuparea-functiei-publice-vacante-de-mediator-comunitar-o-pozitie-esentiala-in-sprijinirea-integrarii-si","status":"publish","type":"post","link":"https:\/\/cimislia.md\/ru\/noutati\/astazi-02-octombrie-2024-in-incinta-primariei-orasului-cimislia-a-avut-loc-concursul-pentru-ocuparea-functiei-publice-vacante-de-mediator-comunitar-o-pozitie-esentiala-in-sprijinirea-integrarii-si\/","title":{"rendered":"Ast\u0103zi, 02 octombrie 2024, \u00een incinta Prim\u0103riei ora\u0219ului Cimi\u0219lia, a avut loc concursul pentru ocuparea func\u021biei publice vacante de mediator comunitar, o pozi\u021bie esen\u021bial\u0103 \u00een sprijinirea integr\u0103rii \u0219i reprezent\u0103rii comunit\u0103\u021bii rome din localitate"},"content":{"rendered":"<div class=\"xdj266r x11i5rnm xat24cr x1mh8g0r x1vvkbs x126k92a\">\n<div dir=\"auto\" style=\"text-align: left;\">Ast\u0103zi, 02 octombrie 2024, \u00een incinta Prim\u0103riei ora\u0219ului Cimi\u0219lia, a avut loc concursul pentru ocuparea func\u021biei publice vacante de mediator comunitar, o pozi\u021bie esen\u021bial\u0103 \u00een sprijinirea integr\u0103rii \u0219i reprezent\u0103rii comunit\u0103\u021bii rome din localitate.<\/div>\n<\/div>\n<div class=\"x11i5rnm xat24cr x1mh8g0r x1vvkbs xtlvy1s x126k92a\" style=\"text-align: left;\">\n<div dir=\"auto\"><span class=\"html-span xexx8yu x4uap5 x18d9i69 xkhd6sd x1hl2dhg x16tdsg8 x1vvkbs x3nfvp2 x1j61x8r x1fcty0u xdj266r xat24cr xgzva0m xhhsvwb xxymvpz xlup9mm x1kky2od\"><img decoding=\"async\" class=\"xz74otr\" src=\"https:\/\/static.xx.fbcdn.net\/images\/emoji.php\/v9\/tb0\/1\/16\/1f3af.png\" alt=\"\ud83c\udfaf\" width=\"16\" height=\"16\" \/><\/span>Dup\u0103 desf\u0103\u0219urarea probei de interviu \u0219i examinarea atent\u0103 a dosarelor, conform cerin\u021belor stabilite \u00een anun\u021bul de organizare a concursului, comisia de evaluare a luat decizia final\u0103.<\/div>\n<\/div>\n<div class=\"x11i5rnm xat24cr x1mh8g0r x1vvkbs xtlvy1s x126k92a\" style=\"text-align: left;\">\n<div dir=\"auto\"><span class=\"html-span xexx8yu x4uap5 x18d9i69 xkhd6sd x1hl2dhg x16tdsg8 x1vvkbs x3nfvp2 x1j61x8r x1fcty0u xdj266r xat24cr xgzva0m xhhsvwb xxymvpz xlup9mm x1kky2od\"><img decoding=\"async\" class=\"xz74otr\" src=\"https:\/\/static.xx.fbcdn.net\/images\/emoji.php\/v9\/t39\/1\/16\/1f4e2.png\" alt=\"\ud83d\udce2\" width=\"16\" height=\"16\" \/><\/span>Domnul Lose\u021bchi Dumitru a fost declarat c\u00e2\u0219tig\u0103tor, \u00eendeplinind criteriile de calificare \u0219i demonstr\u00e2nd o \u00een\u021belegere profund\u0103 a nevoilor comunit\u0103\u021bii rome.<\/div>\n<\/div>\n<div class=\"x11i5rnm xat24cr x1mh8g0r x1vvkbs xtlvy1s x126k92a\" style=\"text-align: left;\">\n<div dir=\"auto\"><span class=\"html-span xexx8yu x4uap5 x18d9i69 xkhd6sd x1hl2dhg x16tdsg8 x1vvkbs x3nfvp2 x1j61x8r x1fcty0u xdj266r xat24cr xgzva0m xhhsvwb xxymvpz xlup9mm x1kky2od\"><img decoding=\"async\" class=\"xz74otr\" src=\"https:\/\/static.xx.fbcdn.net\/images\/emoji.php\/v9\/tf3\/1\/16\/1f539.png\" alt=\"\ud83d\udd39\" width=\"16\" height=\"16\" \/><\/span>Felicit\u0103ri domnului Lose\u021bchi Dumitru pentru acest succes!<\/div>\n<div dir=\"auto\">\u00cei dorim mult succes \u00een noul s\u0103u rol \u0219i suntem \u00eencrez\u0103tori c\u0103 prin experien\u021ba \u0219i implicarea sa va aduce o contribu\u021bie valoroas\u0103 la consolidarea rela\u021biilor dintre comunitatea rom\u0103 \u0219i \u00eentreaga noastr\u0103 localitate.<\/div>\n<\/div>\n<div class=\"x11i5rnm xat24cr x1mh8g0r x1vvkbs xtlvy1s x126k92a\">\n<div dir=\"auto\" style=\"text-align: left;\"><span class=\"html-span xexx8yu x4uap5 x18d9i69 xkhd6sd x1hl2dhg x16tdsg8 x1vvkbs x3nfvp2 x1j61x8r x1fcty0u xdj266r xat24cr xgzva0m xhhsvwb xxymvpz xlup9mm x1kky2od\"><img decoding=\"async\" class=\"xz74otr\" src=\"https:\/\/static.xx.fbcdn.net\/images\/emoji.php\/v9\/t51\/1\/16\/2714.png\" alt=\"\u2714\ufe0f\" width=\"16\" height=\"16\" \/><\/span>Suntem m\u00e2ndri s\u0103 sprijinim acest pas important \u00een dezvoltarea unei rela\u021bii mai puternice \u0219i mai unite \u00eentre to\u021bi locuitorii ora\u0219ului nostru.<\/div>\n<div dir=\"auto\"><img decoding=\"async\" class=\"alignnone size-full wp-image-19030\" src=\"https:\/\/cimislia.md\/wp-content\/uploads\/2024\/10\/461868119_854232960192924_3382445572658412517_n.jpg\" alt=\"\" width=\"1536\" height=\"2048\" srcset=\"https:\/\/cimislia.md\/wp-content\/uploads\/2024\/10\/461868119_854232960192924_3382445572658412517_n.jpg 1536w, https:\/\/cimislia.md\/wp-content\/uploads\/2024\/10\/461868119_854232960192924_3382445572658412517_n-225x300.jpg 225w, https:\/\/cimislia.md\/wp-content\/uploads\/2024\/10\/461868119_854232960192924_3382445572658412517_n-768x1024.jpg 768w, https:\/\/cimislia.md\/wp-content\/uploads\/2024\/10\/461868119_854232960192924_3382445572658412517_n-1152x1536.jpg 1152w, https:\/\/cimislia.md\/wp-content\/uploads\/2024\/10\/461868119_854232960192924_3382445572658412517_n-9x12.jpg 9w\" sizes=\"(max-width: 1536px) 100vw, 1536px\" \/><\/div>\n<\/div>","protected":false},"excerpt":{"rendered":"<p>Ast\u0103zi, 02 octombrie 2024, \u00een incinta Prim\u0103riei ora\u0219ului Cimi\u0219lia, a avut loc concursul pentru ocuparea func\u021biei publice vacante de mediator comunitar, o pozi\u021bie esen\u021bial\u0103 \u00een sprijinirea integr\u0103rii \u0219i reprezent\u0103rii comunit\u0103\u021bii rome din localitate. Dup\u0103 desf\u0103\u0219urarea probei de interviu \u0219i examinarea atent\u0103 a dosarelor, conform cerin\u021belor stabilite \u00een anun\u021bul de organizare a concursului, comisia de evaluare&hellip;<\/p>","protected":false},"author":3,"featured_media":19030,"comment_status":"open","ping_status":"open","sticky":false,"template":"","format":"standard","meta":{"inline_featured_image":false,"footnotes":""},"categories":[1],"tags":[],"_links":{"self":[{"href":"https:\/\/cimislia.md\/ru\/wp-json\/wp\/v2\/posts\/19029"}],"collection":[{"href":"https:\/\/cimislia.md\/ru\/wp-json\/wp\/v2\/posts"}],"about":[{"href":"https:\/\/cimislia.md\/ru\/wp-json\/wp\/v2\/types\/post"}],"author":[{"embeddable":true,"href":"https:\/\/cimislia.md\/ru\/wp-json\/wp\/v2\/users\/3"}],"replies":[{"embeddable":true,"href":"https:\/\/cimislia.md\/ru\/wp-json\/wp\/v2\/comments?post=19029"}],"version-history":[{"count":1,"href":"https:\/\/cimislia.md\/ru\/wp-json\/wp\/v2\/posts\/19029\/revisions"}],"predecessor-version":[{"id":19031,"href":"https:\/\/cimislia.md\/ru\/wp-json\/wp\/v2\/posts\/19029\/revisions\/19031"}],"wp:featuredmedia":[{"embeddable":true,"href":"https:\/\/cimislia.md\/ru\/wp-json\/wp\/v2\/media\/19030"}],"wp:attachment":[{"href":"https:\/\/cimislia.md\/ru\/wp-json\/wp\/v2\/media?parent=19029"}],"wp:term":[{"taxonomy":"category","embeddable":true,"href":"https:\/\/cimislia.md\/ru\/wp-json\/wp\/v2\/categories?post=19029"},{"taxonomy":"post_tag","embeddable":true,"href":"https:\/\/cimislia.md\/ru\/wp-json\/wp\/v2\/tags?post=19029"}],"curies":[{"name":"wp","href":"https:\/\/api.w.org\/{rel}","templated":true}]}}