{"id":19670,"date":"2025-02-01T16:06:00","date_gmt":"2025-02-01T14:06:00","guid":{"rendered":"https:\/\/cimislia.md\/?p=19670"},"modified":"2025-02-03T16:06:51","modified_gmt":"2025-02-03T14:06:51","slug":"ziua-autonomiei-locale-si-a-lucratorului-din-administratia-publica-locala","status":"publish","type":"post","link":"https:\/\/cimislia.md\/ru\/noutati\/ziua-autonomiei-locale-si-a-lucratorului-din-administratia-publica-locala\/","title":{"rendered":"Ziua Autonomiei Locale \u0219i a Lucr\u0103torului din Administra\u021bia Public\u0103 Local\u0103"},"content":{"rendered":"<div class=\"xdj266r x11i5rnm xat24cr x1mh8g0r x1vvkbs x126k92a\">\n<div dir=\"auto\">Stima\u021bi colegi din administra\u021bia public\u0103 local\u0103, primari, viceprimari, consilieri \u0219i func\u021bionari publici,<\/div>\n<\/div>\n<div class=\"x11i5rnm xat24cr x1mh8g0r x1vvkbs xtlvy1s x126k92a\">\n<div dir=\"auto\">Ast\u0103zi marc\u0103m Ziua Autonomiei Locale \u0219i a Lucr\u0103torului din Administra\u021bia Public\u0103 Local\u0103, un prilej de a recunoa\u0219te \u0219i aprecia munca tuturor celor care, zi de zi, contribuie la dezvoltarea comunit\u0103\u021bilor noastre.<\/div>\n<\/div>\n<div class=\"x11i5rnm xat24cr x1mh8g0r x1vvkbs xtlvy1s x126k92a\">\n<div dir=\"auto\">Administra\u021bia public\u0103 local\u0103 este primul punct de sprijin pentru cet\u0103\u021beni, iar efortul fiec\u0103ruia dintre dumneavoastr\u0103 \u2013 fie c\u0103 sunte\u021bi primari, viceprimari, consilieri locali sau func\u021bionari publici \u2013 este esen\u021bial \u00een buna func\u021bionare a institu\u021biilor \u0219i \u00een \u00eembun\u0103t\u0103\u021birea vie\u021bii oamenilor. Munca noastr\u0103 nu este u\u0219oar\u0103, dar este una nobil\u0103, cu un impact direct asupra comunit\u0103\u021bii. Prin profesionalism, responsabilitate \u0219i implicare, reu\u0219im s\u0103 r\u0103spundem nevoilor cet\u0103\u021benilor \u0219i s\u0103 construim un viitor mai bun pentru to\u021bi.<\/div>\n<\/div>\n<div class=\"x11i5rnm xat24cr x1mh8g0r x1vvkbs xtlvy1s x126k92a\">\n<div dir=\"auto\">V\u0103 mul\u021bumesc pentru devotament, pentru fiecare ini\u021biativ\u0103, pentru fiecare proiect dus la bun sf\u00e2r\u0219it \u0219i pentru eforturile depuse \u00een slujba comunit\u0103\u021bii! V\u0103 doresc mult\u0103 s\u0103n\u0103tate, energie, putere de munc\u0103 \u0219i succes \u00een toate activit\u0103\u021bile pe care le desf\u0103\u0219ura\u021bi.<\/div>\n<\/div>\n<div class=\"x11i5rnm xat24cr x1mh8g0r x1vvkbs xtlvy1s x126k92a\">\n<div dir=\"auto\">La mul\u021bi ani tuturor celor care activeaz\u0103 \u00een administra\u021bia public\u0103 local\u0103!<\/div>\n<\/div>\n<div class=\"x11i5rnm xat24cr x1mh8g0r x1vvkbs xtlvy1s x126k92a\">\n<div dir=\"auto\"><\/div>\n<div dir=\"auto\">Cu deosebit respect,<\/div>\n<div dir=\"auto\">Sergiu ANDRONACHI<\/div>\n<div dir=\"auto\">Primarul ora\u0219ului Cimi\u0219lia<\/div>\n<div dir=\"auto\"><img decoding=\"async\" class=\"alignnone size-full wp-image-19671\" src=\"https:\/\/cimislia.md\/wp-content\/uploads\/2025\/02\/475455008_937177978565088_532180988357363694_n.jpg\" alt=\"\" width=\"1000\" height=\"400\" srcset=\"https:\/\/cimislia.md\/wp-content\/uploads\/2025\/02\/475455008_937177978565088_532180988357363694_n.jpg 1000w, https:\/\/cimislia.md\/wp-content\/uploads\/2025\/02\/475455008_937177978565088_532180988357363694_n-300x120.jpg 300w, https:\/\/cimislia.md\/wp-content\/uploads\/2025\/02\/475455008_937177978565088_532180988357363694_n-768x307.jpg 768w, https:\/\/cimislia.md\/wp-content\/uploads\/2025\/02\/475455008_937177978565088_532180988357363694_n-18x7.jpg 18w\" sizes=\"(max-width: 1000px) 100vw, 1000px\" \/><\/div>\n<\/div>","protected":false},"excerpt":{"rendered":"<p>Stima\u021bi colegi din administra\u021bia public\u0103 local\u0103, primari, viceprimari, consilieri \u0219i func\u021bionari publici, Ast\u0103zi marc\u0103m Ziua Autonomiei Locale \u0219i a Lucr\u0103torului din Administra\u021bia Public\u0103 Local\u0103, un prilej de a recunoa\u0219te \u0219i aprecia munca tuturor celor care, zi de zi, contribuie la dezvoltarea comunit\u0103\u021bilor noastre. Administra\u021bia public\u0103 local\u0103 este primul punct de sprijin pentru cet\u0103\u021beni, iar efortul&hellip;<\/p>","protected":false},"author":3,"featured_media":19671,"comment_status":"open","ping_status":"open","sticky":false,"template":"","format":"standard","meta":{"inline_featured_image":false,"footnotes":""},"categories":[1],"tags":[],"_links":{"self":[{"href":"https:\/\/cimislia.md\/ru\/wp-json\/wp\/v2\/posts\/19670"}],"collection":[{"href":"https:\/\/cimislia.md\/ru\/wp-json\/wp\/v2\/posts"}],"about":[{"href":"https:\/\/cimislia.md\/ru\/wp-json\/wp\/v2\/types\/post"}],"author":[{"embeddable":true,"href":"https:\/\/cimislia.md\/ru\/wp-json\/wp\/v2\/users\/3"}],"replies":[{"embeddable":true,"href":"https:\/\/cimislia.md\/ru\/wp-json\/wp\/v2\/comments?post=19670"}],"version-history":[{"count":2,"href":"https:\/\/cimislia.md\/ru\/wp-json\/wp\/v2\/posts\/19670\/revisions"}],"predecessor-version":[{"id":19673,"href":"https:\/\/cimislia.md\/ru\/wp-json\/wp\/v2\/posts\/19670\/revisions\/19673"}],"wp:featuredmedia":[{"embeddable":true,"href":"https:\/\/cimislia.md\/ru\/wp-json\/wp\/v2\/media\/19671"}],"wp:attachment":[{"href":"https:\/\/cimislia.md\/ru\/wp-json\/wp\/v2\/media?parent=19670"}],"wp:term":[{"taxonomy":"category","embeddable":true,"href":"https:\/\/cimislia.md\/ru\/wp-json\/wp\/v2\/categories?post=19670"},{"taxonomy":"post_tag","embeddable":true,"href":"https:\/\/cimislia.md\/ru\/wp-json\/wp\/v2\/tags?post=19670"}],"curies":[{"name":"wp","href":"https:\/\/api.w.org\/{rel}","templated":true}]}}