{"id":20179,"date":"2025-04-16T09:34:24","date_gmt":"2025-04-16T06:34:24","guid":{"rendered":"https:\/\/cimislia.md\/?p=20179"},"modified":"2025-04-18T09:34:37","modified_gmt":"2025-04-18T06:34:37","slug":"%f0%9f%93%96-o-lectie-de-istorie-si-memorie-la-biblioteca-publica-oraseneasca-mihai-eminescu-din-cimislia","status":"publish","type":"post","link":"https:\/\/cimislia.md\/ru\/noutati\/%f0%9f%93%96-o-lectie-de-istorie-si-memorie-la-biblioteca-publica-oraseneasca-mihai-eminescu-din-cimislia\/","title":{"rendered":"\ud83d\udcd6 O lec\u021bie de istorie \u0219i memorie la Biblioteca Public\u0103 Or\u0103\u0219eneasc\u0103 &#8222;Mihai Eminescu&#8221; din Cimi\u0219lia"},"content":{"rendered":"<div class=\"x11i5rnm xat24cr x1mh8g0r x1vvkbs xtlvy1s x126k92a\">\n<div dir=\"auto\">Ast\u0103zi, 16 aprilie 2025, primarul ora\u0219ului Cimi\u0219lia, Sergiu Andronachi, a participat la o or\u0103 de istorie dedicat\u0103 comemor\u0103rii celor 78 de ani de la foametea organizat\u0103 din Basarabia (1946\u20131947) \u2013 una dintre cele mai dureroase pagini din istoria noastr\u0103.<\/div>\n<\/div>\n<div class=\"x11i5rnm xat24cr x1mh8g0r x1vvkbs xtlvy1s x126k92a\">\n<div dir=\"auto\">Evenimentul a fost g\u0103zduit de Biblioteca Public\u0103 Or\u0103\u0219eneasc\u0103 \u201eMihai Eminescu\u201d \u0219i a reunit elevii claselor a VIII-a \u0219i a IX-a ai Liceului Teoretic \u201eMihai Eminescu\u201d, care au avut ocazia s\u0103 \u00een\u021beleag\u0103 mai bine trecutul tragic al neamului nostru.<\/div>\n<\/div>\n<div class=\"x11i5rnm xat24cr x1mh8g0r x1vvkbs xtlvy1s x126k92a\">\n<div dir=\"auto\">Invitat\u0103 special\u0103 a fost doamna Anastasia Balmu\u0219, autoarea volumelor \u201e\u00cendemn spre Neuitare\u201d \u0219i \u201eDosarele Infernului\u201d, care a \u00eemp\u0103rt\u0103\u0219it cu tinerii m\u0103rturii impresionante \u0219i fapte documentate despre perioada de dup\u0103 28 iunie 1940, c\u00e2nd au \u00eenceput deport\u0103rile, condamn\u0103rile nedrepte \u0219i foametea organizat\u0103 \u00een care au pierit mii de oameni, inclusiv familii \u00eentregi din raionul Cimi\u0219lia.<\/div>\n<\/div>\n<div class=\"x11i5rnm xat24cr x1mh8g0r x1vvkbs xtlvy1s x126k92a\">\n<div dir=\"auto\"><span class=\"html-span xexx8yu x4uap5 x18d9i69 xkhd6sd x1hl2dhg x16tdsg8 x1vvkbs x3nfvp2 x1j61x8r x1fcty0u xdj266r xat24cr xgzva0m xhhsvwb xxymvpz xlup9mm x1kky2od\"><img decoding=\"async\" class=\"xz74otr x168nmei x13lgxp2 x5pf9jr xo71vjh\" src=\"https:\/\/static.xx.fbcdn.net\/images\/emoji.php\/v9\/t80\/1\/16\/1f64f.png\" alt=\"\ud83d\ude4f\" width=\"16\" height=\"16\" \/><\/span> Mul\u021bumim doamnei Anastasia Balmu\u0219 pentru contribu\u021bia sa valoroas\u0103 la p\u0103strarea memoriei istorice \u0219i pentru implicarea activ\u0103 \u00een educarea tinerei genera\u021bii.<\/div>\n<\/div>\n<div class=\"x11i5rnm xat24cr x1mh8g0r x1vvkbs xtlvy1s x126k92a\">\n<div dir=\"auto\"><span class=\"html-span xexx8yu x4uap5 x18d9i69 xkhd6sd x1hl2dhg x16tdsg8 x1vvkbs x3nfvp2 x1j61x8r x1fcty0u xdj266r xat24cr xgzva0m xhhsvwb xxymvpz xlup9mm x1kky2od\"><img decoding=\"async\" class=\"xz74otr x168nmei x13lgxp2 x5pf9jr xo71vjh\" src=\"https:\/\/static.xx.fbcdn.net\/images\/emoji.php\/v9\/tba\/1\/16\/1f4e3.png\" alt=\"\ud83d\udce3\" width=\"16\" height=\"16\" \/><\/span> \u00cen cadrul evenimentului, primarul ora\u0219ului a adresat un mesaj emo\u021bionant tinerilor, \u00eendemn\u00e2ndu-i s\u0103 nu uite istoria, s\u0103 o \u00een\u021beleag\u0103 \u0219i s\u0103 contribuie la construirea unei societ\u0103\u021bi bazate pe adev\u0103r, solidaritate \u0219i demnitate.<\/div>\n<div dir=\"auto\"><img decoding=\"async\" class=\"alignnone size-full wp-image-20180\" src=\"https:\/\/cimislia.md\/wp-content\/uploads\/2025\/04\/490823971_990714409878111_7889948429796677398_n.jpg\" alt=\"\" width=\"1536\" height=\"2048\" srcset=\"https:\/\/cimislia.md\/wp-content\/uploads\/2025\/04\/490823971_990714409878111_7889948429796677398_n.jpg 1536w, https:\/\/cimislia.md\/wp-content\/uploads\/2025\/04\/490823971_990714409878111_7889948429796677398_n-225x300.jpg 225w, https:\/\/cimislia.md\/wp-content\/uploads\/2025\/04\/490823971_990714409878111_7889948429796677398_n-768x1024.jpg 768w, https:\/\/cimislia.md\/wp-content\/uploads\/2025\/04\/490823971_990714409878111_7889948429796677398_n-1152x1536.jpg 1152w, https:\/\/cimislia.md\/wp-content\/uploads\/2025\/04\/490823971_990714409878111_7889948429796677398_n-9x12.jpg 9w\" sizes=\"(max-width: 1536px) 100vw, 1536px\" \/> <img decoding=\"async\" class=\"alignnone size-full wp-image-20181\" src=\"https:\/\/cimislia.md\/wp-content\/uploads\/2025\/04\/490886144_990714413211444_3721051849929468747_n.jpg\" alt=\"\" width=\"1536\" height=\"2048\" srcset=\"https:\/\/cimislia.md\/wp-content\/uploads\/2025\/04\/490886144_990714413211444_3721051849929468747_n.jpg 1536w, https:\/\/cimislia.md\/wp-content\/uploads\/2025\/04\/490886144_990714413211444_3721051849929468747_n-225x300.jpg 225w, https:\/\/cimislia.md\/wp-content\/uploads\/2025\/04\/490886144_990714413211444_3721051849929468747_n-768x1024.jpg 768w, https:\/\/cimislia.md\/wp-content\/uploads\/2025\/04\/490886144_990714413211444_3721051849929468747_n-1152x1536.jpg 1152w, https:\/\/cimislia.md\/wp-content\/uploads\/2025\/04\/490886144_990714413211444_3721051849929468747_n-9x12.jpg 9w\" sizes=\"(max-width: 1536px) 100vw, 1536px\" \/> <img decoding=\"async\" class=\"alignnone size-full wp-image-20182\" src=\"https:\/\/cimislia.md\/wp-content\/uploads\/2025\/04\/491395001_990714873211398_8136537115378231013_n.jpg\" alt=\"\" width=\"1536\" height=\"2048\" srcset=\"https:\/\/cimislia.md\/wp-content\/uploads\/2025\/04\/491395001_990714873211398_8136537115378231013_n.jpg 1536w, https:\/\/cimislia.md\/wp-content\/uploads\/2025\/04\/491395001_990714873211398_8136537115378231013_n-225x300.jpg 225w, https:\/\/cimislia.md\/wp-content\/uploads\/2025\/04\/491395001_990714873211398_8136537115378231013_n-768x1024.jpg 768w, https:\/\/cimislia.md\/wp-content\/uploads\/2025\/04\/491395001_990714873211398_8136537115378231013_n-1152x1536.jpg 1152w, https:\/\/cimislia.md\/wp-content\/uploads\/2025\/04\/491395001_990714873211398_8136537115378231013_n-9x12.jpg 9w\" sizes=\"(max-width: 1536px) 100vw, 1536px\" \/> <img decoding=\"async\" class=\"alignnone size-full wp-image-20183\" src=\"https:\/\/cimislia.md\/wp-content\/uploads\/2025\/04\/491936723_990714726544746_9042735470799440201_n.jpg\" alt=\"\" width=\"1536\" height=\"2048\" srcset=\"https:\/\/cimislia.md\/wp-content\/uploads\/2025\/04\/491936723_990714726544746_9042735470799440201_n.jpg 1536w, https:\/\/cimislia.md\/wp-content\/uploads\/2025\/04\/491936723_990714726544746_9042735470799440201_n-225x300.jpg 225w, https:\/\/cimislia.md\/wp-content\/uploads\/2025\/04\/491936723_990714726544746_9042735470799440201_n-768x1024.jpg 768w, https:\/\/cimislia.md\/wp-content\/uploads\/2025\/04\/491936723_990714726544746_9042735470799440201_n-1152x1536.jpg 1152w, https:\/\/cimislia.md\/wp-content\/uploads\/2025\/04\/491936723_990714726544746_9042735470799440201_n-9x12.jpg 9w\" sizes=\"(max-width: 1536px) 100vw, 1536px\" \/> <img decoding=\"async\" class=\"alignnone size-full wp-image-20184\" src=\"https:\/\/cimislia.md\/wp-content\/uploads\/2025\/04\/491970889_990714813211404_3611139125471248018_n.jpg\" alt=\"\" width=\"1536\" height=\"2048\" srcset=\"https:\/\/cimislia.md\/wp-content\/uploads\/2025\/04\/491970889_990714813211404_3611139125471248018_n.jpg 1536w, https:\/\/cimislia.md\/wp-content\/uploads\/2025\/04\/491970889_990714813211404_3611139125471248018_n-225x300.jpg 225w, https:\/\/cimislia.md\/wp-content\/uploads\/2025\/04\/491970889_990714813211404_3611139125471248018_n-768x1024.jpg 768w, https:\/\/cimislia.md\/wp-content\/uploads\/2025\/04\/491970889_990714813211404_3611139125471248018_n-1152x1536.jpg 1152w, https:\/\/cimislia.md\/wp-content\/uploads\/2025\/04\/491970889_990714813211404_3611139125471248018_n-9x12.jpg 9w\" sizes=\"(max-width: 1536px) 100vw, 1536px\" \/><\/div>\n<\/div>","protected":false},"excerpt":{"rendered":"<p>Ast\u0103zi, 16 aprilie 2025, primarul ora\u0219ului Cimi\u0219lia, Sergiu Andronachi, a participat la o or\u0103 de istorie dedicat\u0103 comemor\u0103rii celor 78 de ani de la foametea organizat\u0103 din Basarabia (1946\u20131947) \u2013 una dintre cele mai dureroase pagini din istoria noastr\u0103. Evenimentul a fost g\u0103zduit de Biblioteca Public\u0103 Or\u0103\u0219eneasc\u0103 \u201eMihai Eminescu\u201d \u0219i a reunit elevii claselor a&hellip;<\/p>","protected":false},"author":3,"featured_media":20181,"comment_status":"open","ping_status":"open","sticky":false,"template":"","format":"standard","meta":{"inline_featured_image":false,"footnotes":""},"categories":[1],"tags":[],"_links":{"self":[{"href":"https:\/\/cimislia.md\/ru\/wp-json\/wp\/v2\/posts\/20179"}],"collection":[{"href":"https:\/\/cimislia.md\/ru\/wp-json\/wp\/v2\/posts"}],"about":[{"href":"https:\/\/cimislia.md\/ru\/wp-json\/wp\/v2\/types\/post"}],"author":[{"embeddable":true,"href":"https:\/\/cimislia.md\/ru\/wp-json\/wp\/v2\/users\/3"}],"replies":[{"embeddable":true,"href":"https:\/\/cimislia.md\/ru\/wp-json\/wp\/v2\/comments?post=20179"}],"version-history":[{"count":1,"href":"https:\/\/cimislia.md\/ru\/wp-json\/wp\/v2\/posts\/20179\/revisions"}],"predecessor-version":[{"id":20185,"href":"https:\/\/cimislia.md\/ru\/wp-json\/wp\/v2\/posts\/20179\/revisions\/20185"}],"wp:featuredmedia":[{"embeddable":true,"href":"https:\/\/cimislia.md\/ru\/wp-json\/wp\/v2\/media\/20181"}],"wp:attachment":[{"href":"https:\/\/cimislia.md\/ru\/wp-json\/wp\/v2\/media?parent=20179"}],"wp:term":[{"taxonomy":"category","embeddable":true,"href":"https:\/\/cimislia.md\/ru\/wp-json\/wp\/v2\/categories?post=20179"},{"taxonomy":"post_tag","embeddable":true,"href":"https:\/\/cimislia.md\/ru\/wp-json\/wp\/v2\/tags?post=20179"}],"curies":[{"name":"wp","href":"https:\/\/api.w.org\/{rel}","templated":true}]}}