{"id":20421,"date":"2025-06-23T14:03:15","date_gmt":"2025-06-23T11:03:15","guid":{"rendered":"https:\/\/cimislia.md\/?p=20421"},"modified":"2025-06-23T14:05:28","modified_gmt":"2025-06-23T11:05:28","slug":"23-iunie-ziua-functionarului-public-si-ziua-suveranitatii-republicii-moldova-%f0%9f%87%b2%f0%9f%87%a9","status":"publish","type":"post","link":"https:\/\/cimislia.md\/ru\/noutati\/23-iunie-ziua-functionarului-public-si-ziua-suveranitatii-republicii-moldova-%f0%9f%87%b2%f0%9f%87%a9\/","title":{"rendered":"23 iunie \u2013 Ziua Func\u021bionarului Public \u0219i Ziua Suveranit\u0103\u021bii Republicii Moldova \ud83c\uddf2\ud83c\udde9"},"content":{"rendered":"<div class=\"xdj266r x14z9mp xat24cr x1lziwak x1vvkbs x126k92a\">\n<div dir=\"auto\">23 iunie \u2013 Ziua Func\u021bionarului Public \u0219i Ziua Suveranit\u0103\u021bii Republicii Moldova <span class=\"html-span xexx8yu xyri2b x18d9i69 x1c1uobl x1hl2dhg x16tdsg8 x1vvkbs x3nfvp2 x1j61x8r x1fcty0u xdj266r xat24cr xm2jcoa x1mpyi22 xxymvpz xlup9mm x1kky2od\"><img decoding=\"async\" class=\"xz74otr x15mokao x1ga7v0g x16uus16 xbiv7yw\" src=\"https:\/\/static.xx.fbcdn.net\/images\/emoji.php\/v9\/t6\/1\/16\/1f1f2_1f1e9.png\" alt=\"\ud83c\uddf2\ud83c\udde9\" width=\"16\" height=\"16\" \/><\/span><\/div>\n<\/div>\n<div class=\"x14z9mp xat24cr x1lziwak x1vvkbs xtlvy1s x126k92a\">\n<div dir=\"auto\">Cu prilejul acestei zile cu dubl\u0103 semnifica\u021bie, adresez sincere felicit\u0103ri tuturor func\u021bionarilor publici din ora\u0219ul Cimi\u0219lia \u0219i din \u00eentreaga \u021bar\u0103! <span class=\"html-span xexx8yu xyri2b x18d9i69 x1c1uobl x1hl2dhg x16tdsg8 x1vvkbs x3nfvp2 x1j61x8r x1fcty0u xdj266r xat24cr xm2jcoa x1mpyi22 xxymvpz xlup9mm x1kky2od\"><img decoding=\"async\" class=\"xz74otr x15mokao x1ga7v0g x16uus16 xbiv7yw\" src=\"https:\/\/static.xx.fbcdn.net\/images\/emoji.php\/v9\/t6b\/1\/16\/1f454.png\" alt=\"\ud83d\udc54\" width=\"16\" height=\"16\" \/><\/span><span class=\"html-span xexx8yu xyri2b x18d9i69 x1c1uobl x1hl2dhg x16tdsg8 x1vvkbs x3nfvp2 x1j61x8r x1fcty0u xdj266r xat24cr xm2jcoa x1mpyi22 xxymvpz xlup9mm x1kky2od\"><img decoding=\"async\" class=\"xz74otr x15mokao x1ga7v0g x16uus16 xbiv7yw\" src=\"https:\/\/static.xx.fbcdn.net\/images\/emoji.php\/v9\/tfd\/1\/16\/1f4c4.png\" alt=\"\ud83d\udcc4\" width=\"16\" height=\"16\" \/><\/span><\/div>\n<\/div>\n<div class=\"x14z9mp xat24cr x1lziwak x1vvkbs xtlvy1s x126k92a\">\n<div dir=\"auto\">V\u0103 mul\u021bumesc pentru munca depus\u0103 zi de zi \u00een slujba cet\u0103\u021beanului, pentru profesionalismul, responsabilitatea \u0219i dedica\u021bia cu care contribui\u021bi la dezvoltarea comunit\u0103\u021bii \u0219i la buna func\u021bionare a administra\u021biei publice.<\/div>\n<\/div>\n<div class=\"x14z9mp xat24cr x1lziwak x1vvkbs xtlvy1s x126k92a\">\n<div dir=\"auto\">\u00cen mod special, adresez recuno\u0219tin\u021b\u0103 echipei Prim\u0103riei ora\u0219ului Cimi\u0219lia \u2013 oameni dedica\u021bi, implica\u021bi \u0219i devota\u021bi comunit\u0103\u021bii noastre. V\u0103 mul\u021bumesc pentru efortul constant, spiritul de echip\u0103 \u0219i dorin\u021ba de a aduce schimb\u0103ri pozitive \u00een via\u021ba cet\u0103\u021benilor.<\/div>\n<\/div>\n<div class=\"x14z9mp xat24cr x1lziwak x1vvkbs xtlvy1s x126k92a\">\n<div dir=\"auto\">Totodat\u0103, marc\u0103m ast\u0103zi Ziua Suveranit\u0103\u021bii Republicii Moldova \u2013 un moment de reflec\u021bie asupra parcursului nostru ca stat liber \u0219i independent, dar \u0219i un \u00eendemn de a continua s\u0103 construim un viitor mai bun, \u00een pace \u0219i demnitate.<\/div>\n<\/div>\n<div class=\"x14z9mp xat24cr x1lziwak x1vvkbs xtlvy1s x126k92a\">\n<div dir=\"auto\">La mul\u021bi ani tuturor func\u021bionarilor publici!<\/div>\n<div dir=\"auto\">La mul\u021bi ani, Republica Moldova!<\/div>\n<\/div>\n<div class=\"x14z9mp xat24cr x1lziwak x1vvkbs xtlvy1s x126k92a\">\n<div dir=\"auto\">Cu respect,<\/div>\n<div dir=\"auto\"><span class=\"html-span xdj266r x14z9mp xat24cr x1lziwak xexx8yu xyri2b x18d9i69 x1c1uobl x1hl2dhg x16tdsg8 x1vvkbs\"><a class=\"x1i10hfl xjbqb8w x1ejq31n x18oe1m7 x1sy0etr xstzfhl x972fbf x10w94by x1qhh985 x14e42zd x9f619 x1ypdohk xt0psk2 xe8uvvx xdj266r x14z9mp xat24cr x1lziwak xexx8yu xyri2b x18d9i69 x1c1uobl x16tdsg8 x1hl2dhg xggy1nq x1a2a7pz xkrqix3 x1sur9pj x1fey0fg x1s688f\" tabindex=\"0\" role=\"link\" href=\"https:\/\/www.facebook.com\/sergiu.andronachi.16?__cft__[0]=AZVAF-wfdL0cno9dmb8wTzPHfmVojt5iIH2vCpLiejWTyCB80zB_Hw68Rf4V3-PTpkBcTFoKMphUpQ3qpS1_vHQsf7_y7BiSARXASZsisej5QtWa-uZLq5ZxXdnTuttrELeCxWQQIEeuk_vNnM_cwaYLZmXGxp4SIvKZylSJrjw-WusdaZ3YkQAigtasHH3OkjvYDe5oaXEMPGq3pIGsMSEN&amp;__tn__=-]K-R\"><span class=\"xt0psk2\"><span class=\"xjp7ctv\">Sergiu Andronachi<\/span><\/span><\/a><\/span><\/div>\n<div dir=\"auto\">Primarul ora\u0219ului Cimi\u0219lia<\/div>\n<\/div>\n<div dir=\"auto\"><img decoding=\"async\" class=\"alignnone size-full wp-image-20422\" src=\"https:\/\/cimislia.md\/wp-content\/uploads\/2025\/06\/347425352_637246551763258_5752612633891307525_n-1024x512-1.jpg\" alt=\"\" width=\"1024\" height=\"512\" srcset=\"https:\/\/cimislia.md\/wp-content\/uploads\/2025\/06\/347425352_637246551763258_5752612633891307525_n-1024x512-1.jpg 1024w, https:\/\/cimislia.md\/wp-content\/uploads\/2025\/06\/347425352_637246551763258_5752612633891307525_n-1024x512-1-300x150.jpg 300w, https:\/\/cimislia.md\/wp-content\/uploads\/2025\/06\/347425352_637246551763258_5752612633891307525_n-1024x512-1-768x384.jpg 768w, https:\/\/cimislia.md\/wp-content\/uploads\/2025\/06\/347425352_637246551763258_5752612633891307525_n-1024x512-1-18x9.jpg 18w\" sizes=\"(max-width: 1024px) 100vw, 1024px\" \/><\/div>","protected":false},"excerpt":{"rendered":"<p>23 iunie \u2013 Ziua Func\u021bionarului Public \u0219i Ziua Suveranit\u0103\u021bii Republicii Moldova Cu prilejul acestei zile cu dubl\u0103 semnifica\u021bie, adresez sincere felicit\u0103ri tuturor func\u021bionarilor publici din ora\u0219ul Cimi\u0219lia \u0219i din \u00eentreaga \u021bar\u0103! V\u0103 mul\u021bumesc pentru munca depus\u0103 zi de zi \u00een slujba cet\u0103\u021beanului, pentru profesionalismul, responsabilitatea \u0219i dedica\u021bia cu care contribui\u021bi la dezvoltarea comunit\u0103\u021bii \u0219i la&hellip;<\/p>","protected":false},"author":3,"featured_media":20425,"comment_status":"open","ping_status":"open","sticky":false,"template":"","format":"standard","meta":{"inline_featured_image":false,"footnotes":""},"categories":[1],"tags":[],"_links":{"self":[{"href":"https:\/\/cimislia.md\/ru\/wp-json\/wp\/v2\/posts\/20421"}],"collection":[{"href":"https:\/\/cimislia.md\/ru\/wp-json\/wp\/v2\/posts"}],"about":[{"href":"https:\/\/cimislia.md\/ru\/wp-json\/wp\/v2\/types\/post"}],"author":[{"embeddable":true,"href":"https:\/\/cimislia.md\/ru\/wp-json\/wp\/v2\/users\/3"}],"replies":[{"embeddable":true,"href":"https:\/\/cimislia.md\/ru\/wp-json\/wp\/v2\/comments?post=20421"}],"version-history":[{"count":1,"href":"https:\/\/cimislia.md\/ru\/wp-json\/wp\/v2\/posts\/20421\/revisions"}],"predecessor-version":[{"id":20423,"href":"https:\/\/cimislia.md\/ru\/wp-json\/wp\/v2\/posts\/20421\/revisions\/20423"}],"wp:featuredmedia":[{"embeddable":true,"href":"https:\/\/cimislia.md\/ru\/wp-json\/wp\/v2\/media\/20425"}],"wp:attachment":[{"href":"https:\/\/cimislia.md\/ru\/wp-json\/wp\/v2\/media?parent=20421"}],"wp:term":[{"taxonomy":"category","embeddable":true,"href":"https:\/\/cimislia.md\/ru\/wp-json\/wp\/v2\/categories?post=20421"},{"taxonomy":"post_tag","embeddable":true,"href":"https:\/\/cimislia.md\/ru\/wp-json\/wp\/v2\/tags?post=20421"}],"curies":[{"name":"wp","href":"https:\/\/api.w.org\/{rel}","templated":true}]}}