{"id":20505,"date":"2025-07-02T11:50:49","date_gmt":"2025-07-02T08:50:49","guid":{"rendered":"https:\/\/cimislia.md\/?p=20505"},"modified":"2025-07-02T11:50:49","modified_gmt":"2025-07-02T08:50:49","slug":"%f0%9f%93%85-2-iulie-ziua-comemorarii-lui-stefan-cel-mare-si-sfant-1457-1504","status":"publish","type":"post","link":"https:\/\/cimislia.md\/ru\/noutati\/%f0%9f%93%85-2-iulie-ziua-comemorarii-lui-stefan-cel-mare-si-sfant-1457-1504\/","title":{"rendered":"\ud83d\udcc5 2 iulie \u2013 Ziua comemor\u0103rii lui \u0218tefan cel Mare \u0219i Sf\u00e2nt (1457\u20131504)"},"content":{"rendered":"<div class=\"x14z9mp xat24cr x1lziwak x1vvkbs xtlvy1s x126k92a\">\n<div dir=\"auto\">Ast\u0103zi, ne \u00eenclin\u0103m cu respect \u00een fa\u021ba memoriei uneia dintre cele mai mari personalit\u0103\u021bi din istoria poporului nostru \u2013 \u0218tefan cel Mare \u0219i Sf\u00e2nt.<\/div>\n<\/div>\n<div class=\"x14z9mp xat24cr x1lziwak x1vvkbs xtlvy1s x126k92a\">\n<div dir=\"auto\"><span class=\"html-span xexx8yu xyri2b x18d9i69 x1c1uobl x1hl2dhg x16tdsg8 x1vvkbs x3nfvp2 x1j61x8r x1fcty0u xdj266r xat24cr xm2jcoa x1mpyi22 xxymvpz xlup9mm x1kky2od\"><img decoding=\"async\" class=\"xz74otr x15mokao x1ga7v0g x16uus16 xbiv7yw\" src=\"https:\/\/static.xx.fbcdn.net\/images\/emoji.php\/v9\/t89\/1\/16\/1f3db.png\" alt=\"\ud83c\udfdb\ufe0f\" width=\"16\" height=\"16\" \/><\/span> Cu acest prilej, angaja\u021bii Prim\u0103riei ora\u0219ului Cimi\u0219lia \u0219i ai Casei de Cultur\u0103 Cimi\u0219lia, \u00een frunte cu primarul <span class=\"html-span xdj266r x14z9mp xat24cr x1lziwak xexx8yu xyri2b x18d9i69 x1c1uobl x1hl2dhg x16tdsg8 x1vvkbs\"><a class=\"x1i10hfl xjbqb8w x1ejq31n x18oe1m7 x1sy0etr xstzfhl x972fbf x10w94by x1qhh985 x14e42zd x9f619 x1ypdohk xt0psk2 xe8uvvx xdj266r x14z9mp xat24cr x1lziwak xexx8yu xyri2b x18d9i69 x1c1uobl x16tdsg8 x1hl2dhg xggy1nq x1a2a7pz xkrqix3 x1sur9pj x1fey0fg x1s688f\" tabindex=\"0\" role=\"link\" href=\"https:\/\/www.facebook.com\/sergiu.andronachi.16?__cft__[0]=AZUOBOSDA7NcDugddlgd4YNK1n_1kWmYzMBQegX8tWSVdjWmO5VolIjmNxd7ruiYfDTTNoowCm4EMF9qhykbezWw3-by11sesTs_cjrGYnohq29nhcWz6R7BdQ6zjGyhIio0l1spwgBR_Cdq57he56bc6jbS0m881kq7PNypFkYM_Q&amp;__tn__=-]K-R\"><span class=\"xt0psk2\"><span class=\"xjp7ctv\">Sergiu Andronachi<\/span><\/span><\/a><\/span>, au depus flori la bustul voievodului din centrul ora\u0219ului, aduc\u00e2nd un omagiu simbolic trecutului nostru glorios.<\/div>\n<\/div>\n<div class=\"x14z9mp xat24cr x1lziwak x1vvkbs xtlvy1s x126k92a\">\n<div dir=\"auto\"><span class=\"html-span xexx8yu xyri2b x18d9i69 x1c1uobl x1hl2dhg x16tdsg8 x1vvkbs x3nfvp2 x1j61x8r x1fcty0u xdj266r xat24cr xm2jcoa x1mpyi22 xxymvpz xlup9mm x1kky2od\"><img decoding=\"async\" class=\"xz74otr x15mokao x1ga7v0g x16uus16 xbiv7yw\" src=\"https:\/\/static.xx.fbcdn.net\/images\/emoji.php\/v9\/t2b\/1\/16\/1f399.png\" alt=\"\ud83c\udf99\ufe0f\" width=\"16\" height=\"16\" \/><\/span> Momentul comemorativ a fost \u00eennobilat de un recital de poezie dedicat Marelui Voievod, sus\u021binut cu emo\u021bie de Doganic Alin \u0219i Cornescu Violina \u2013 o evocare artistic\u0103 a spiritului \u0219i valorilor pentru care \u0218tefan cel Mare a luptat.<\/div>\n<\/div>\n<div class=\"x14z9mp xat24cr x1lziwak x1vvkbs xtlvy1s x126k92a\">\n<div dir=\"auto\"><span class=\"html-span xexx8yu xyri2b x18d9i69 x1c1uobl x1hl2dhg x16tdsg8 x1vvkbs x3nfvp2 x1j61x8r x1fcty0u xdj266r xat24cr xm2jcoa x1mpyi22 xxymvpz xlup9mm x1kky2od\"><img decoding=\"async\" class=\"xz74otr x15mokao x1ga7v0g x16uus16 xbiv7yw\" src=\"https:\/\/static.xx.fbcdn.net\/images\/emoji.php\/v9\/t8\/1\/16\/2694.png\" alt=\"\u2694\ufe0f\" width=\"16\" height=\"16\" \/><\/span> Domnitor al Moldovei timp de 47 de ani (1457\u20131504), \u0218tefan cel Mare a fost nu doar un str\u0103lucit strateg \u0219i ap\u0103r\u0103tor al \u021b\u0103rii \u00een fa\u021ba marilor imperii ale vremii, ci \u0219i un ctitor de biserici, un p\u0103str\u0103tor al credin\u021bei \u0219i un simbol al demnit\u0103\u021bii na\u021bionale.<\/div>\n<\/div>\n<div class=\"x14z9mp xat24cr x1lziwak x1vvkbs xtlvy1s x126k92a\">\n<div dir=\"auto\"><span class=\"html-span xexx8yu xyri2b x18d9i69 x1c1uobl x1hl2dhg x16tdsg8 x1vvkbs x3nfvp2 x1j61x8r x1fcty0u xdj266r xat24cr xm2jcoa x1mpyi22 xxymvpz xlup9mm x1kky2od\"><img decoding=\"async\" class=\"xz74otr x15mokao x1ga7v0g x16uus16 xbiv7yw\" src=\"https:\/\/static.xx.fbcdn.net\/images\/emoji.php\/v9\/t4b\/1\/16\/1f4dc.png\" alt=\"\ud83d\udcdc\" width=\"16\" height=\"16\" \/><\/span> Cuvintele sacre ale Marelui Voievod r\u0103m\u00e2n un testament \u0219i o c\u0103l\u0103uz\u0103 pentru toate genera\u021biile:<\/div>\n<div dir=\"auto\">\u201eMoldova n-a fost a str\u0103mo\u0219ilor mei, n-a fost a mea \u0219i nu e a voastr\u0103, ci a urma\u0219ilor, urma\u0219ilor no\u0219tri \u00een veacul vecilor!\u201d<\/div>\n<\/div>\n<div class=\"x14z9mp xat24cr x1lziwak x1vvkbs xtlvy1s x126k92a\">\n<div dir=\"auto\"><span class=\"html-span xexx8yu xyri2b x18d9i69 x1c1uobl x1hl2dhg x16tdsg8 x1vvkbs x3nfvp2 x1j61x8r x1fcty0u xdj266r xat24cr xm2jcoa x1mpyi22 xxymvpz xlup9mm x1kky2od\"><img decoding=\"async\" class=\"xz74otr x15mokao x1ga7v0g x16uus16 xbiv7yw\" src=\"https:\/\/static.xx.fbcdn.net\/images\/emoji.php\/v9\/t7d\/1\/16\/1f56f.png\" alt=\"\ud83d\udd6f\ufe0f\" width=\"16\" height=\"16\" \/><\/span> Ziua de 2 iulie marcheaz\u0103 trecerea sa la cele ve\u0219nice, dar \u0219i intrarea \u00een eternitate ca erou al neamului.<\/div>\n<div dir=\"auto\">Ne revine datoria de a-i p\u0103stra vie amintirea \u0219i de a duce mai departe valorile pentru care a luptat: libertatea, unitatea \u0219i credin\u021ba.<\/div>\n<\/div>\n<div class=\"x14z9mp xat24cr x1lziwak x1vvkbs xtlvy1s x126k92a\">\n<div dir=\"auto\"><span class=\"html-span xexx8yu xyri2b x18d9i69 x1c1uobl x1hl2dhg x16tdsg8 x1vvkbs x3nfvp2 x1j61x8r x1fcty0u xdj266r xat24cr xm2jcoa x1mpyi22 xxymvpz xlup9mm x1kky2od\"><img decoding=\"async\" class=\"xz74otr x15mokao x1ga7v0g x16uus16 xbiv7yw\" src=\"https:\/\/static.xx.fbcdn.net\/images\/emoji.php\/v9\/t80\/1\/16\/1f64f.png\" alt=\"\ud83d\ude4f\" width=\"16\" height=\"16\" \/><\/span> Ve\u0219nic\u0103 recuno\u0219tin\u021b\u0103, \u0218tefan cel Mare \u0219i Sf\u00e2nt!<\/div>\n<div dir=\"auto\"><img decoding=\"async\" class=\"alignnone size-full wp-image-20506\" src=\"https:\/\/cimislia.md\/wp-content\/uploads\/2025\/07\/IMG_4938.jpg\" alt=\"\" width=\"1920\" height=\"1280\" srcset=\"https:\/\/cimislia.md\/wp-content\/uploads\/2025\/07\/IMG_4938.jpg 1920w, https:\/\/cimislia.md\/wp-content\/uploads\/2025\/07\/IMG_4938-300x200.jpg 300w, https:\/\/cimislia.md\/wp-content\/uploads\/2025\/07\/IMG_4938-1024x683.jpg 1024w, https:\/\/cimislia.md\/wp-content\/uploads\/2025\/07\/IMG_4938-768x512.jpg 768w, https:\/\/cimislia.md\/wp-content\/uploads\/2025\/07\/IMG_4938-1536x1024.jpg 1536w, https:\/\/cimislia.md\/wp-content\/uploads\/2025\/07\/IMG_4938-18x12.jpg 18w\" sizes=\"(max-width: 1920px) 100vw, 1920px\" \/> <img decoding=\"async\" class=\"alignnone size-full wp-image-20507\" src=\"https:\/\/cimislia.md\/wp-content\/uploads\/2025\/07\/IMG_4982.jpg\" alt=\"\" width=\"1920\" height=\"1280\" srcset=\"https:\/\/cimislia.md\/wp-content\/uploads\/2025\/07\/IMG_4982.jpg 1920w, https:\/\/cimislia.md\/wp-content\/uploads\/2025\/07\/IMG_4982-300x200.jpg 300w, https:\/\/cimislia.md\/wp-content\/uploads\/2025\/07\/IMG_4982-1024x683.jpg 1024w, https:\/\/cimislia.md\/wp-content\/uploads\/2025\/07\/IMG_4982-768x512.jpg 768w, https:\/\/cimislia.md\/wp-content\/uploads\/2025\/07\/IMG_4982-1536x1024.jpg 1536w, https:\/\/cimislia.md\/wp-content\/uploads\/2025\/07\/IMG_4982-18x12.jpg 18w\" sizes=\"(max-width: 1920px) 100vw, 1920px\" \/> <img decoding=\"async\" class=\"alignnone size-full wp-image-20508\" src=\"https:\/\/cimislia.md\/wp-content\/uploads\/2025\/07\/IMG_4998.jpg\" alt=\"\" width=\"1920\" height=\"1280\" srcset=\"https:\/\/cimislia.md\/wp-content\/uploads\/2025\/07\/IMG_4998.jpg 1920w, https:\/\/cimislia.md\/wp-content\/uploads\/2025\/07\/IMG_4998-300x200.jpg 300w, https:\/\/cimislia.md\/wp-content\/uploads\/2025\/07\/IMG_4998-1024x683.jpg 1024w, https:\/\/cimislia.md\/wp-content\/uploads\/2025\/07\/IMG_4998-768x512.jpg 768w, https:\/\/cimislia.md\/wp-content\/uploads\/2025\/07\/IMG_4998-1536x1024.jpg 1536w, https:\/\/cimislia.md\/wp-content\/uploads\/2025\/07\/IMG_4998-18x12.jpg 18w\" sizes=\"(max-width: 1920px) 100vw, 1920px\" \/> <img decoding=\"async\" class=\"alignnone size-full wp-image-20509\" src=\"https:\/\/cimislia.md\/wp-content\/uploads\/2025\/07\/IMG_5015.jpg\" alt=\"\" width=\"1920\" height=\"1280\" srcset=\"https:\/\/cimislia.md\/wp-content\/uploads\/2025\/07\/IMG_5015.jpg 1920w, https:\/\/cimislia.md\/wp-content\/uploads\/2025\/07\/IMG_5015-300x200.jpg 300w, https:\/\/cimislia.md\/wp-content\/uploads\/2025\/07\/IMG_5015-1024x683.jpg 1024w, https:\/\/cimislia.md\/wp-content\/uploads\/2025\/07\/IMG_5015-768x512.jpg 768w, https:\/\/cimislia.md\/wp-content\/uploads\/2025\/07\/IMG_5015-1536x1024.jpg 1536w, https:\/\/cimislia.md\/wp-content\/uploads\/2025\/07\/IMG_5015-18x12.jpg 18w\" sizes=\"(max-width: 1920px) 100vw, 1920px\" \/><\/div>\n<\/div>","protected":false},"excerpt":{"rendered":"<p>Ast\u0103zi, ne \u00eenclin\u0103m cu respect \u00een fa\u021ba memoriei uneia dintre cele mai mari personalit\u0103\u021bi din istoria poporului nostru \u2013 \u0218tefan cel Mare \u0219i Sf\u00e2nt. Cu acest prilej, angaja\u021bii Prim\u0103riei ora\u0219ului Cimi\u0219lia \u0219i ai Casei de Cultur\u0103 Cimi\u0219lia, \u00een frunte cu primarul Sergiu Andronachi, au depus flori la bustul voievodului din centrul ora\u0219ului, aduc\u00e2nd un omagiu&hellip;<\/p>","protected":false},"author":3,"featured_media":20506,"comment_status":"open","ping_status":"open","sticky":false,"template":"","format":"standard","meta":{"inline_featured_image":false,"footnotes":""},"categories":[1],"tags":[],"_links":{"self":[{"href":"https:\/\/cimislia.md\/ru\/wp-json\/wp\/v2\/posts\/20505"}],"collection":[{"href":"https:\/\/cimislia.md\/ru\/wp-json\/wp\/v2\/posts"}],"about":[{"href":"https:\/\/cimislia.md\/ru\/wp-json\/wp\/v2\/types\/post"}],"author":[{"embeddable":true,"href":"https:\/\/cimislia.md\/ru\/wp-json\/wp\/v2\/users\/3"}],"replies":[{"embeddable":true,"href":"https:\/\/cimislia.md\/ru\/wp-json\/wp\/v2\/comments?post=20505"}],"version-history":[{"count":1,"href":"https:\/\/cimislia.md\/ru\/wp-json\/wp\/v2\/posts\/20505\/revisions"}],"predecessor-version":[{"id":20510,"href":"https:\/\/cimislia.md\/ru\/wp-json\/wp\/v2\/posts\/20505\/revisions\/20510"}],"wp:featuredmedia":[{"embeddable":true,"href":"https:\/\/cimislia.md\/ru\/wp-json\/wp\/v2\/media\/20506"}],"wp:attachment":[{"href":"https:\/\/cimislia.md\/ru\/wp-json\/wp\/v2\/media?parent=20505"}],"wp:term":[{"taxonomy":"category","embeddable":true,"href":"https:\/\/cimislia.md\/ru\/wp-json\/wp\/v2\/categories?post=20505"},{"taxonomy":"post_tag","embeddable":true,"href":"https:\/\/cimislia.md\/ru\/wp-json\/wp\/v2\/tags?post=20505"}],"curies":[{"name":"wp","href":"https:\/\/api.w.org\/{rel}","templated":true}]}}