{"id":20821,"date":"2025-08-19T10:42:07","date_gmt":"2025-08-19T07:42:07","guid":{"rendered":"https:\/\/cimislia.md\/?p=20821"},"modified":"2025-08-19T10:42:07","modified_gmt":"2025-08-19T07:42:07","slug":"hramul-orasului-cimislia-28-august-2025-%e2%9c%a8%f0%9f%8c%bf","status":"publish","type":"post","link":"https:\/\/cimislia.md\/ru\/noutati\/hramul-orasului-cimislia-28-august-2025-%e2%9c%a8%f0%9f%8c%bf\/","title":{"rendered":"Hramul ora\u0219ului Cimi\u0219lia \u2013 28 august 2025 \u2728\ud83c\udf3f"},"content":{"rendered":"<p>Dragi cimi\u0219lieni,<br class=\"html-br\" \/>La data de 28 august 2025, ora\u0219ul Cimi\u0219lia s\u0103rb\u0103tore\u0219te cu emo\u021bie \u0219i bucurie Hramul Bisericii \u201eAdormirea Maicii Domnului\u201d \u2013 Hramul ora\u0219ului.<br class=\"html-br\" \/><br class=\"html-br\" \/>Cu acest frumos prilej, v\u0103 invit\u0103m s\u0103 fi\u021bi al\u0103turi de noi \u0219i s\u0103 participa\u021bi la un program cultural-artistic deosebit, care va culmina cu un concert de excep\u021bie sus\u021binut de arti\u0219ti profesioni\u0219ti!\u00a0<span class=\"html-span xexx8yu xyri2b x18d9i69 x1c1uobl x1hl2dhg x16tdsg8 x1vvkbs x3nfvp2 x1j61x8r x1fcty0u xdj266r xat24cr xm2jcoa x1mpyi22 xxymvpz xlup9mm x1kky2od\"><img decoding=\"async\" class=\"xz74otr x15mokao x1ga7v0g x16uus16 xbiv7yw\" src=\"https:\/\/static.xx.fbcdn.net\/images\/emoji.php\/v9\/t1f\/1\/16\/1f3b6.png\" alt=\"\ud83c\udfb6\" width=\"16\" height=\"16\" \/><\/span><br class=\"html-br\" \/><br class=\"html-br\" \/><span class=\"html-span xexx8yu xyri2b x18d9i69 x1c1uobl x1hl2dhg x16tdsg8 x1vvkbs x3nfvp2 x1j61x8r x1fcty0u xdj266r xat24cr xm2jcoa x1mpyi22 xxymvpz xlup9mm x1kky2od\"><img decoding=\"async\" class=\"xz74otr x15mokao x1ga7v0g x16uus16 xbiv7yw\" src=\"https:\/\/static.xx.fbcdn.net\/images\/emoji.php\/v9\/t7e\/1\/16\/1f4c5.png\" alt=\"\ud83d\udcc5\" width=\"16\" height=\"16\" \/><\/span>\u00a0Programul s\u0103rb\u0103torii:<br class=\"html-br\" \/><span class=\"html-span xexx8yu xyri2b x18d9i69 x1c1uobl x1hl2dhg x16tdsg8 x1vvkbs x3nfvp2 x1j61x8r x1fcty0u xdj266r xat24cr xm2jcoa x1mpyi22 xxymvpz xlup9mm x1kky2od\"><img decoding=\"async\" class=\"xz74otr x15mokao x1ga7v0g x16uus16 xbiv7yw\" src=\"https:\/\/static.xx.fbcdn.net\/images\/emoji.php\/v9\/t2f\/1\/16\/1f557.png\" alt=\"\ud83d\udd57\" width=\"16\" height=\"16\" \/><\/span>\u00a008:00 \u2013 Sf\u00e2nta Liturghie a Hramului Bisericii \u201eAdormirea Maicii Domnului\u201d;<br class=\"html-br\" \/><span class=\"html-span xexx8yu xyri2b x18d9i69 x1c1uobl x1hl2dhg x16tdsg8 x1vvkbs x3nfvp2 x1j61x8r x1fcty0u xdj266r xat24cr xm2jcoa x1mpyi22 xxymvpz xlup9mm x1kky2od\"><img decoding=\"async\" class=\"xz74otr x15mokao x1ga7v0g x16uus16 xbiv7yw\" src=\"https:\/\/static.xx.fbcdn.net\/images\/emoji.php\/v9\/tb0\/1\/16\/1f558.png\" alt=\"\ud83d\udd58\" width=\"16\" height=\"16\" \/><\/span>\u00a009:00 &#8211; 18:00 \u2013 T\u00e2rgul me\u0219terilor populari \u0219i al produc\u0103torilor autohtoni;<br class=\"html-br\" \/><span class=\"html-span xexx8yu xyri2b x18d9i69 x1c1uobl x1hl2dhg x16tdsg8 x1vvkbs x3nfvp2 x1j61x8r x1fcty0u xdj266r xat24cr xm2jcoa x1mpyi22 xxymvpz xlup9mm x1kky2od\"><img decoding=\"async\" class=\"xz74otr x15mokao x1ga7v0g x16uus16 xbiv7yw\" src=\"https:\/\/static.xx.fbcdn.net\/images\/emoji.php\/v9\/t2d\/1\/16\/1f555.png\" alt=\"\ud83d\udd55\" width=\"16\" height=\"16\" \/><\/span>\u00a018:00 \u2013 19:00 \u2013 Program artistic al forma\u021biilor din ora\u0219ul Cimi\u0219lia;<br class=\"html-br\" \/><span class=\"html-span xexx8yu xyri2b x18d9i69 x1c1uobl x1hl2dhg x16tdsg8 x1vvkbs x3nfvp2 x1j61x8r x1fcty0u xdj266r xat24cr xm2jcoa x1mpyi22 xxymvpz xlup9mm x1kky2od\"><img decoding=\"async\" class=\"xz74otr x15mokao x1ga7v0g x16uus16 xbiv7yw\" src=\"https:\/\/static.xx.fbcdn.net\/images\/emoji.php\/v9\/tae\/1\/16\/1f556.png\" alt=\"\ud83d\udd56\" width=\"16\" height=\"16\" \/><\/span>\u00a019:00 \u2013 Concert cu Invita\u021bi Speciali;<br class=\"html-br\" \/><span class=\"html-span xexx8yu xyri2b x18d9i69 x1c1uobl x1hl2dhg x16tdsg8 x1vvkbs x3nfvp2 x1j61x8r x1fcty0u xdj266r xat24cr xm2jcoa x1mpyi22 xxymvpz xlup9mm x1kky2od\"><img decoding=\"async\" class=\"xz74otr x15mokao x1ga7v0g x16uus16 xbiv7yw\" src=\"https:\/\/static.xx.fbcdn.net\/images\/emoji.php\/v9\/tda\/1\/16\/1f55b.png\" alt=\"\ud83d\udd5b\" width=\"16\" height=\"16\" \/><\/span>\u00a000:00 \u2013 Disco cu DJ.<br class=\"html-br\" \/><br class=\"html-br\" \/>V\u0103 a\u0219tept\u0103m cu drag s\u0103 marc\u0103m \u00eempreun\u0103 aceast\u0103 zi plin\u0103 de tradi\u021bie, cultur\u0103 \u0219i voie bun\u0103!<\/p>\n<p><img decoding=\"async\" class=\"alignnone size-full wp-image-20822\" src=\"https:\/\/cimislia.md\/wp-content\/uploads\/2025\/08\/\u0438\u0437\u043e\u0431\u0440\u0430\u0436\u0435\u043d\u0438\u0435_viber_2025-08-19_09-36-28-553.jpg\" alt=\"\" width=\"1017\" height=\"1440\" srcset=\"https:\/\/cimislia.md\/wp-content\/uploads\/2025\/08\/\u0438\u0437\u043e\u0431\u0440\u0430\u0436\u0435\u043d\u0438\u0435_viber_2025-08-19_09-36-28-553.jpg 1017w, https:\/\/cimislia.md\/wp-content\/uploads\/2025\/08\/\u0438\u0437\u043e\u0431\u0440\u0430\u0436\u0435\u043d\u0438\u0435_viber_2025-08-19_09-36-28-553-212x300.jpg 212w, https:\/\/cimislia.md\/wp-content\/uploads\/2025\/08\/\u0438\u0437\u043e\u0431\u0440\u0430\u0436\u0435\u043d\u0438\u0435_viber_2025-08-19_09-36-28-553-723x1024.jpg 723w, https:\/\/cimislia.md\/wp-content\/uploads\/2025\/08\/\u0438\u0437\u043e\u0431\u0440\u0430\u0436\u0435\u043d\u0438\u0435_viber_2025-08-19_09-36-28-553-768x1087.jpg 768w, https:\/\/cimislia.md\/wp-content\/uploads\/2025\/08\/\u0438\u0437\u043e\u0431\u0440\u0430\u0436\u0435\u043d\u0438\u0435_viber_2025-08-19_09-36-28-553-8x12.jpg 8w\" sizes=\"(max-width: 1017px) 100vw, 1017px\" \/><\/p>","protected":false},"excerpt":{"rendered":"<p>Dragi cimi\u0219lieni,La data de 28 august 2025, ora\u0219ul Cimi\u0219lia s\u0103rb\u0103tore\u0219te cu emo\u021bie \u0219i bucurie Hramul Bisericii \u201eAdormirea Maicii Domnului\u201d \u2013 Hramul ora\u0219ului.Cu acest frumos prilej, v\u0103 invit\u0103m s\u0103 fi\u021bi al\u0103turi de noi \u0219i s\u0103 participa\u021bi la un program cultural-artistic deosebit, care va culmina cu un concert de excep\u021bie sus\u021binut de arti\u0219ti profesioni\u0219ti!\u00a0\u00a0Programul s\u0103rb\u0103torii:\u00a008:00 \u2013 Sf\u00e2nta&hellip;<\/p>","protected":false},"author":3,"featured_media":20822,"comment_status":"open","ping_status":"open","sticky":false,"template":"","format":"standard","meta":{"inline_featured_image":false,"footnotes":""},"categories":[1],"tags":[],"_links":{"self":[{"href":"https:\/\/cimislia.md\/ru\/wp-json\/wp\/v2\/posts\/20821"}],"collection":[{"href":"https:\/\/cimislia.md\/ru\/wp-json\/wp\/v2\/posts"}],"about":[{"href":"https:\/\/cimislia.md\/ru\/wp-json\/wp\/v2\/types\/post"}],"author":[{"embeddable":true,"href":"https:\/\/cimislia.md\/ru\/wp-json\/wp\/v2\/users\/3"}],"replies":[{"embeddable":true,"href":"https:\/\/cimislia.md\/ru\/wp-json\/wp\/v2\/comments?post=20821"}],"version-history":[{"count":1,"href":"https:\/\/cimislia.md\/ru\/wp-json\/wp\/v2\/posts\/20821\/revisions"}],"predecessor-version":[{"id":20823,"href":"https:\/\/cimislia.md\/ru\/wp-json\/wp\/v2\/posts\/20821\/revisions\/20823"}],"wp:featuredmedia":[{"embeddable":true,"href":"https:\/\/cimislia.md\/ru\/wp-json\/wp\/v2\/media\/20822"}],"wp:attachment":[{"href":"https:\/\/cimislia.md\/ru\/wp-json\/wp\/v2\/media?parent=20821"}],"wp:term":[{"taxonomy":"category","embeddable":true,"href":"https:\/\/cimislia.md\/ru\/wp-json\/wp\/v2\/categories?post=20821"},{"taxonomy":"post_tag","embeddable":true,"href":"https:\/\/cimislia.md\/ru\/wp-json\/wp\/v2\/tags?post=20821"}],"curies":[{"name":"wp","href":"https:\/\/api.w.org\/{rel}","templated":true}]}}