{"id":20921,"date":"2025-09-03T13:53:25","date_gmt":"2025-09-03T10:53:25","guid":{"rendered":"https:\/\/cimislia.md\/?p=20921"},"modified":"2025-09-03T13:53:25","modified_gmt":"2025-09-03T10:53:25","slug":"%f0%9f%87%b2%f0%9f%87%a9%e2%9c%a8-ziua-armatei-nationale-03-septembrie-%e2%9c%a8%f0%9f%87%b2%f0%9f%87%a9","status":"publish","type":"post","link":"https:\/\/cimislia.md\/ru\/noutati\/%f0%9f%87%b2%f0%9f%87%a9%e2%9c%a8-ziua-armatei-nationale-03-septembrie-%e2%9c%a8%f0%9f%87%b2%f0%9f%87%a9\/","title":{"rendered":"\ud83c\uddf2\ud83c\udde9\u2728 Ziua Armatei Na\u021bionale \u2013 03 septembrie \u2728\ud83c\uddf2\ud83c\udde9"},"content":{"rendered":"<div class=\"x14z9mp xat24cr x1lziwak x1vvkbs xtlvy1s x126k92a\">\n<div dir=\"auto\">Domnilor ofi\u021beri, subofi\u021beri, studen\u021bi militari, solda\u021bi, distin\u0219i veterani, stima\u021bi militari \u00een rezerv\u0103 \u0219i retragere,<\/div>\n<\/div>\n<div class=\"x14z9mp xat24cr x1lziwak x1vvkbs xtlvy1s x126k92a\">\n<div dir=\"auto\">Ast\u0103zi celebr\u0103m Ziua Armatei Na\u021bionale, zi de profund\u0103 recuno\u0219tin\u021b\u0103 fa\u021b\u0103 de to\u021bi cei care, timp de 34 de ani, au ap\u0103rat cu devotament independen\u021ba, suveranitatea \u0219i integritatea Republicii Moldova.<\/div>\n<\/div>\n<div class=\"x14z9mp xat24cr x1lziwak x1vvkbs xtlvy1s x126k92a\">\n<div dir=\"auto\">A fi militar nu \u00eenseamn\u0103 doar exerci\u021biu \u0219i disciplin\u0103. A fi militar \u00eenseamn\u0103 s\u0103 tr\u0103ie\u0219ti prin curaj, patriotism, corectitudine \u0219i sacrificiu \u2013 valori care stau la temelia caracterului adev\u0103ratului ap\u0103r\u0103tor al Patriei.<\/div>\n<div dir=\"auto\">Voi sunte\u021bi cei care, prin d\u0103ruire \u0219i profesionalism, forma\u021bi scutul de protec\u021bie al poporului nostru.<\/div>\n<\/div>\n<div class=\"x14z9mp xat24cr x1lziwak x1vvkbs xtlvy1s x126k92a\">\n<div dir=\"auto\">\u00cen aceast\u0103 zi de s\u0103rb\u0103toare, Prim\u0103ria ora\u0219ului Cimi\u0219lia adreseaz\u0103 sincere felicit\u0103ri \u0219i mul\u021bumiri tuturor militarilor activi, angaja\u021bilor civili \u0219i veteranilor Armatei Na\u021bionale.<\/div>\n<div dir=\"auto\">V\u0103 dorim s\u0103n\u0103tate, r\u0103bdare \u0219i perseveren\u021b\u0103, realiz\u0103ri frumoase, prosperitate \u0219i \u00eempliniri \u00een nobila misiune de a ap\u0103ra \u021bara \u0219i de a servi cet\u0103\u021benii.<\/div>\n<\/div>\n<div class=\"x14z9mp xat24cr x1lziwak x1vvkbs xtlvy1s x126k92a\">\n<div dir=\"auto\"><span class=\"html-span xexx8yu xyri2b x18d9i69 x1c1uobl x1hl2dhg x16tdsg8 x1vvkbs x3nfvp2 x1j61x8r x1fcty0u xdj266r xat24cr xm2jcoa x1mpyi22 xxymvpz xlup9mm x1kky2od\"><img decoding=\"async\" class=\"xz74otr x15mokao x1ga7v0g x16uus16 xbiv7yw\" src=\"https:\/\/static.xx.fbcdn.net\/images\/emoji.php\/v9\/t80\/1\/16\/1f64f.png\" alt=\"\ud83d\ude4f\" width=\"16\" height=\"16\" \/><\/span> Onoare \u0219i respect vou\u0103, stima\u021bi ap\u0103r\u0103tori ai Patriei!<\/div>\n<\/div>\n<div class=\"x14z9mp xat24cr x1lziwak x1vvkbs xtlvy1s x126k92a\">\n<div dir=\"auto\">Cu considera\u021bie,<\/div>\n<div dir=\"auto\">Primarul ora\u0219ului Cimi\u0219lia<\/div>\n<div dir=\"auto\"><span class=\"html-span xdj266r x14z9mp xat24cr x1lziwak xexx8yu xyri2b x18d9i69 x1c1uobl x1hl2dhg x16tdsg8 x1vvkbs\"><a class=\"x1i10hfl xjbqb8w x1ejq31n x18oe1m7 x1sy0etr xstzfhl x972fbf x10w94by x1qhh985 x14e42zd x9f619 x1ypdohk xt0psk2 x3ct3a4 xdj266r x14z9mp xat24cr x1lziwak xexx8yu xyri2b x18d9i69 x1c1uobl x16tdsg8 x1hl2dhg xggy1nq x1a2a7pz xkrqix3 x1sur9pj x1fey0fg x1s688f\" tabindex=\"0\" role=\"link\" href=\"https:\/\/www.facebook.com\/sergiu.andronachi.16?__cft__[0]=AZWAvUY-QXnrYRNXIFD0X53ujx6htmBJAxF_Wg4vPRtAqL11Yh85v59Oy1XuS80ykR7dR6_h6gpF5hfRnVSOKVd_TGR1Q60dThTjb-_dghx_-w&amp;__tn__=-]K-R\"><span class=\"xt0psk2\"><span class=\"xjp7ctv\">Sergiu Andronachi<\/span><\/span><\/a><\/span><\/div>\n<div dir=\"auto\"><img decoding=\"async\" class=\"alignnone size-full wp-image-20922\" src=\"https:\/\/cimislia.md\/wp-content\/uploads\/2025\/09\/481235304_956052413344311_8496041697076320063_n.jpg\" alt=\"\" width=\"1024\" height=\"684\" srcset=\"https:\/\/cimislia.md\/wp-content\/uploads\/2025\/09\/481235304_956052413344311_8496041697076320063_n.jpg 1024w, https:\/\/cimislia.md\/wp-content\/uploads\/2025\/09\/481235304_956052413344311_8496041697076320063_n-300x200.jpg 300w, https:\/\/cimislia.md\/wp-content\/uploads\/2025\/09\/481235304_956052413344311_8496041697076320063_n-768x513.jpg 768w, https:\/\/cimislia.md\/wp-content\/uploads\/2025\/09\/481235304_956052413344311_8496041697076320063_n-18x12.jpg 18w\" sizes=\"(max-width: 1024px) 100vw, 1024px\" \/><\/div>\n<\/div>","protected":false},"excerpt":{"rendered":"<p>Domnilor ofi\u021beri, subofi\u021beri, studen\u021bi militari, solda\u021bi, distin\u0219i veterani, stima\u021bi militari \u00een rezerv\u0103 \u0219i retragere, Ast\u0103zi celebr\u0103m Ziua Armatei Na\u021bionale, zi de profund\u0103 recuno\u0219tin\u021b\u0103 fa\u021b\u0103 de to\u021bi cei care, timp de 34 de ani, au ap\u0103rat cu devotament independen\u021ba, suveranitatea \u0219i integritatea Republicii Moldova. A fi militar nu \u00eenseamn\u0103 doar exerci\u021biu \u0219i disciplin\u0103. A fi militar&hellip;<\/p>","protected":false},"author":3,"featured_media":20922,"comment_status":"open","ping_status":"open","sticky":false,"template":"","format":"standard","meta":{"inline_featured_image":false,"footnotes":""},"categories":[1],"tags":[],"_links":{"self":[{"href":"https:\/\/cimislia.md\/ru\/wp-json\/wp\/v2\/posts\/20921"}],"collection":[{"href":"https:\/\/cimislia.md\/ru\/wp-json\/wp\/v2\/posts"}],"about":[{"href":"https:\/\/cimislia.md\/ru\/wp-json\/wp\/v2\/types\/post"}],"author":[{"embeddable":true,"href":"https:\/\/cimislia.md\/ru\/wp-json\/wp\/v2\/users\/3"}],"replies":[{"embeddable":true,"href":"https:\/\/cimislia.md\/ru\/wp-json\/wp\/v2\/comments?post=20921"}],"version-history":[{"count":1,"href":"https:\/\/cimislia.md\/ru\/wp-json\/wp\/v2\/posts\/20921\/revisions"}],"predecessor-version":[{"id":20923,"href":"https:\/\/cimislia.md\/ru\/wp-json\/wp\/v2\/posts\/20921\/revisions\/20923"}],"wp:featuredmedia":[{"embeddable":true,"href":"https:\/\/cimislia.md\/ru\/wp-json\/wp\/v2\/media\/20922"}],"wp:attachment":[{"href":"https:\/\/cimislia.md\/ru\/wp-json\/wp\/v2\/media?parent=20921"}],"wp:term":[{"taxonomy":"category","embeddable":true,"href":"https:\/\/cimislia.md\/ru\/wp-json\/wp\/v2\/categories?post=20921"},{"taxonomy":"post_tag","embeddable":true,"href":"https:\/\/cimislia.md\/ru\/wp-json\/wp\/v2\/tags?post=20921"}],"curies":[{"name":"wp","href":"https:\/\/api.w.org\/{rel}","templated":true}]}}