{"id":21007,"date":"2025-09-15T11:08:56","date_gmt":"2025-09-15T08:08:56","guid":{"rendered":"https:\/\/cimislia.md\/?p=21007"},"modified":"2025-09-22T11:12:10","modified_gmt":"2025-09-22T08:12:10","slug":"%f0%9f%87%aa%f0%9f%87%aa%f0%9f%a4%9d%f0%9f%87%b2%f0%9f%87%a9-vizita-delegatiei-primariei-cimislia-la-maardu-estonia","status":"publish","type":"post","link":"https:\/\/cimislia.md\/ru\/noutati\/%f0%9f%87%aa%f0%9f%87%aa%f0%9f%a4%9d%f0%9f%87%b2%f0%9f%87%a9-vizita-delegatiei-primariei-cimislia-la-maardu-estonia\/","title":{"rendered":"\ud83c\uddea\ud83c\uddea\ud83e\udd1d\ud83c\uddf2\ud83c\udde9 Vizita delega\u021biei Prim\u0103riei Cimi\u0219lia la Maardu, Estonia"},"content":{"rendered":"<div class=\"x14z9mp xat24cr x1lziwak x1vvkbs xtlvy1s x126k92a\">\n<div dir=\"auto\">\u00cen perioada 12-13 septembrie 2025, o delega\u021bie a Prim\u0103riei ora\u0219ului Cimi\u0219lia a efectuat o vizit\u0103 oficial\u0103 \u00een ora\u0219ul Maardu, Estonia, unde a participat la T\u00e2rgul Culturii Etnice Maardu \u2014 un eveniment de amploare dedicat diversit\u0103\u021bii culturale \u0219i colabor\u0103rii interna\u021bionale.<\/div>\n<\/div>\n<div class=\"x14z9mp xat24cr x1lziwak x1vvkbs xtlvy1s x126k92a\">\n<div dir=\"auto\"><span class=\"html-span xexx8yu xyri2b x18d9i69 x1c1uobl x1hl2dhg x16tdsg8 x1vvkbs x3nfvp2 x1j61x8r x1fcty0u xdj266r xat24cr xm2jcoa x1mpyi22 xxymvpz xlup9mm x1kky2od\"><img decoding=\"async\" class=\"xz74otr x15mokao x1ga7v0g x16uus16 xbiv7yw\" src=\"https:\/\/static.xx.fbcdn.net\/images\/emoji.php\/v9\/tac\/1\/16\/1f4cc.png\" alt=\"\ud83d\udccc\" width=\"16\" height=\"16\" \/><\/span> Agenda vizitei a inclus:<\/div>\n<div dir=\"auto\">* Vizit\u0103 la Prim\u0103ria ora\u0219ului Maardu \u0219i prezentarea ora\u0219ului Maardu (istorie, dezvoltare, proiecte implementate, realiz\u0103ri);<\/div>\n<div dir=\"auto\">* Vizitarea Liceului Maardu \u0219i a Taberei de lucru pentru tineri \u2013 experien\u021be \u0219i oportunit\u0103\u021bi \u00een cadrul programului Erasmus+;<\/div>\n<div dir=\"auto\">* Vizit\u0103 la Muzeul Satului Rootsi-Kallavere (istorie \u0219i tradi\u021bii locale);<\/div>\n<div dir=\"auto\">* Vizitarea companiei Green Marine AS, filial\u0103 a Portului Tallinn \u2013 unul dintre principalii furnizori de servicii de mediu din Estonia, cu 20 de ani de experien\u021b\u0103 \u00een gestionarea durabil\u0103 a de\u0219eurilor \u0219i solu\u021bii de economie circular\u0103;<\/div>\n<div dir=\"auto\">* Participarea la Deschiderea T\u00e2rgului de Toamn\u0103 Maardu \u2013 moment oficial la care au participat \u0219i alte delega\u021bii din Lituania, Letonia \u0219i Polonia. Primarul ora\u0219ului Cimi\u0219lia, <span class=\"html-span xdj266r x14z9mp xat24cr x1lziwak xexx8yu xyri2b x18d9i69 x1c1uobl x1hl2dhg x16tdsg8 x1vvkbs\"><a class=\"x1i10hfl xjbqb8w x1ejq31n x18oe1m7 x1sy0etr xstzfhl x972fbf x10w94by x1qhh985 x14e42zd x9f619 x1ypdohk xt0psk2 x3ct3a4 xdj266r x14z9mp xat24cr x1lziwak xexx8yu xyri2b x18d9i69 x1c1uobl x16tdsg8 x1hl2dhg xggy1nq x1a2a7pz xkrqix3 x1sur9pj x1fey0fg x1s688f\" tabindex=\"0\" role=\"link\" href=\"https:\/\/www.facebook.com\/sergiu.andronachi.16?__cft__[0]=AZVoZ51xzMPKYzvdvcq94v0ytpuuIHU7T8veAhRms4Qw3J-2bzYph5u7yojVNOsPVqIXKOfNo0Cce46i46zim-JmiHL7vzusbJetdvRiCqsTwT0WfRaeWvSos0Zc5PTuLb1-3MGvs0KrM-bRu0iKRxG-UNFjGfX9qsQBKpqHJqsD1w&amp;__tn__=-]K-R\"><span class=\"xt0psk2\"><span class=\"xjp7ctv\">Sergiu Andronachi<\/span><\/span><\/a><\/span> a sus\u021binut un discurs de bun venit pe scen\u0103.<\/div>\n<\/div>\n<div class=\"x14z9mp xat24cr x1lziwak x1vvkbs xtlvy1s x126k92a\">\n<div dir=\"auto\"><span class=\"html-span xexx8yu xyri2b x18d9i69 x1c1uobl x1hl2dhg x16tdsg8 x1vvkbs x3nfvp2 x1j61x8r x1fcty0u xdj266r xat24cr xm2jcoa x1mpyi22 xxymvpz xlup9mm x1kky2od\"><img decoding=\"async\" class=\"xz74otr x15mokao x1ga7v0g x16uus16 xbiv7yw\" src=\"https:\/\/static.xx.fbcdn.net\/images\/emoji.php\/v9\/t7e\/1\/16\/1f3a4.png\" alt=\"\ud83c\udfa4\" width=\"16\" height=\"16\" \/><\/span> Aceste dou\u0103 zile au oferit ocazia consolid\u0103rii rela\u021biilor de colaborare \u00eentre administra\u021biile locale, schimbului de bune practici \u0219i promov\u0103rii ora\u0219ului Cimi\u0219lia la nivel interna\u021bional.<\/div>\n<\/div>\n<div class=\"x14z9mp xat24cr x1lziwak x1vvkbs xtlvy1s x126k92a\">\n<div dir=\"auto\"><span class=\"html-span xexx8yu xyri2b x18d9i69 x1c1uobl x1hl2dhg x16tdsg8 x1vvkbs x3nfvp2 x1j61x8r x1fcty0u xdj266r xat24cr xm2jcoa x1mpyi22 xxymvpz xlup9mm x1kky2od\"><img decoding=\"async\" class=\"xz74otr x15mokao x1ga7v0g x16uus16 xbiv7yw\" src=\"https:\/\/static.xx.fbcdn.net\/images\/emoji.php\/v9\/t80\/1\/16\/1f64f.png\" alt=\"\ud83d\ude4f\" width=\"16\" height=\"16\" \/><\/span> Mul\u021bumiri speciale gazdei, dnei primar Aurica Sin-Kerra, pentru ospitalitatea oferit\u0103 \u0219i organizarea impecabil\u0103 a evenimentelor!<\/div>\n<\/div>\n<div class=\"x14z9mp xat24cr x1lziwak x1vvkbs xtlvy1s x126k92a\">\n<div dir=\"auto\"><span class=\"html-span xdj266r x14z9mp xat24cr x1lziwak xexx8yu xyri2b x18d9i69 x1c1uobl x1hl2dhg x16tdsg8 x1vvkbs\"><a class=\"x1i10hfl xjbqb8w x1ejq31n x18oe1m7 x1sy0etr xstzfhl x972fbf x10w94by x1qhh985 x14e42zd x9f619 x1ypdohk xt0psk2 x3ct3a4 xdj266r x14z9mp xat24cr x1lziwak xexx8yu xyri2b x18d9i69 x1c1uobl x16tdsg8 x1hl2dhg xggy1nq x1a2a7pz xkrqix3 x1sur9pj x1fey0fg x1s688f\" tabindex=\"0\" role=\"link\" href=\"https:\/\/www.facebook.com\/hashtag\/primariacimi%C8%99lia?__eep__=6&amp;__cft__[0]=AZVoZ51xzMPKYzvdvcq94v0ytpuuIHU7T8veAhRms4Qw3J-2bzYph5u7yojVNOsPVqIXKOfNo0Cce46i46zim-JmiHL7vzusbJetdvRiCqsTwT0WfRaeWvSos0Zc5PTuLb1-3MGvs0KrM-bRu0iKRxG-UNFjGfX9qsQBKpqHJqsD1w&amp;__tn__=*NK-R\">#PrimariaCimi\u0219lia<\/a><\/span> <span class=\"html-span xdj266r x14z9mp xat24cr x1lziwak xexx8yu xyri2b x18d9i69 x1c1uobl x1hl2dhg x16tdsg8 x1vvkbs\"><a class=\"x1i10hfl xjbqb8w x1ejq31n x18oe1m7 x1sy0etr xstzfhl x972fbf x10w94by x1qhh985 x14e42zd x9f619 x1ypdohk xt0psk2 x3ct3a4 xdj266r x14z9mp xat24cr x1lziwak xexx8yu xyri2b x18d9i69 x1c1uobl x16tdsg8 x1hl2dhg xggy1nq x1a2a7pz xkrqix3 x1sur9pj x1fey0fg x1s688f\" tabindex=\"0\" role=\"link\" href=\"https:\/\/www.facebook.com\/hashtag\/maardu?__eep__=6&amp;__cft__[0]=AZVoZ51xzMPKYzvdvcq94v0ytpuuIHU7T8veAhRms4Qw3J-2bzYph5u7yojVNOsPVqIXKOfNo0Cce46i46zim-JmiHL7vzusbJetdvRiCqsTwT0WfRaeWvSos0Zc5PTuLb1-3MGvs0KrM-bRu0iKRxG-UNFjGfX9qsQBKpqHJqsD1w&amp;__tn__=*NK-R\">#Maardu<\/a><\/span><\/div>\n<div dir=\"auto\"><img decoding=\"async\" class=\"alignnone size-full wp-image-21009\" src=\"https:\/\/cimislia.md\/wp-content\/uploads\/2025\/09\/545901904_1106252624990955_5305994908723059457_n.jpg\" alt=\"\" width=\"1600\" height=\"1200\" srcset=\"https:\/\/cimislia.md\/wp-content\/uploads\/2025\/09\/545901904_1106252624990955_5305994908723059457_n.jpg 1600w, https:\/\/cimislia.md\/wp-content\/uploads\/2025\/09\/545901904_1106252624990955_5305994908723059457_n-300x225.jpg 300w, https:\/\/cimislia.md\/wp-content\/uploads\/2025\/09\/545901904_1106252624990955_5305994908723059457_n-1024x768.jpg 1024w, https:\/\/cimislia.md\/wp-content\/uploads\/2025\/09\/545901904_1106252624990955_5305994908723059457_n-768x576.jpg 768w, https:\/\/cimislia.md\/wp-content\/uploads\/2025\/09\/545901904_1106252624990955_5305994908723059457_n-1536x1152.jpg 1536w, https:\/\/cimislia.md\/wp-content\/uploads\/2025\/09\/545901904_1106252624990955_5305994908723059457_n-16x12.jpg 16w\" sizes=\"(max-width: 1600px) 100vw, 1600px\" \/><\/div>\n<div dir=\"auto\"><img decoding=\"async\" class=\"alignnone size-full wp-image-21008\" src=\"https:\/\/cimislia.md\/wp-content\/uploads\/2025\/09\/IMG_6074.jpg\" alt=\"\" width=\"1920\" height=\"909\" srcset=\"https:\/\/cimislia.md\/wp-content\/uploads\/2025\/09\/IMG_6074.jpg 1920w, https:\/\/cimislia.md\/wp-content\/uploads\/2025\/09\/IMG_6074-300x142.jpg 300w, https:\/\/cimislia.md\/wp-content\/uploads\/2025\/09\/IMG_6074-1024x485.jpg 1024w, https:\/\/cimislia.md\/wp-content\/uploads\/2025\/09\/IMG_6074-768x364.jpg 768w, https:\/\/cimislia.md\/wp-content\/uploads\/2025\/09\/IMG_6074-1536x727.jpg 1536w, https:\/\/cimislia.md\/wp-content\/uploads\/2025\/09\/IMG_6074-18x9.jpg 18w\" sizes=\"(max-width: 1920px) 100vw, 1920px\" \/><\/div>\n<\/div>","protected":false},"excerpt":{"rendered":"<p>\u00cen perioada 12-13 septembrie 2025, o delega\u021bie a Prim\u0103riei ora\u0219ului Cimi\u0219lia a efectuat o vizit\u0103 oficial\u0103 \u00een ora\u0219ul Maardu, Estonia, unde a participat la T\u00e2rgul Culturii Etnice Maardu \u2014 un eveniment de amploare dedicat diversit\u0103\u021bii culturale \u0219i colabor\u0103rii interna\u021bionale. Agenda vizitei a inclus: * Vizit\u0103 la Prim\u0103ria ora\u0219ului Maardu \u0219i prezentarea ora\u0219ului Maardu (istorie, dezvoltare,&hellip;<\/p>","protected":false},"author":3,"featured_media":21008,"comment_status":"open","ping_status":"open","sticky":false,"template":"","format":"standard","meta":{"inline_featured_image":false,"footnotes":""},"categories":[1],"tags":[],"_links":{"self":[{"href":"https:\/\/cimislia.md\/ru\/wp-json\/wp\/v2\/posts\/21007"}],"collection":[{"href":"https:\/\/cimislia.md\/ru\/wp-json\/wp\/v2\/posts"}],"about":[{"href":"https:\/\/cimislia.md\/ru\/wp-json\/wp\/v2\/types\/post"}],"author":[{"embeddable":true,"href":"https:\/\/cimislia.md\/ru\/wp-json\/wp\/v2\/users\/3"}],"replies":[{"embeddable":true,"href":"https:\/\/cimislia.md\/ru\/wp-json\/wp\/v2\/comments?post=21007"}],"version-history":[{"count":1,"href":"https:\/\/cimislia.md\/ru\/wp-json\/wp\/v2\/posts\/21007\/revisions"}],"predecessor-version":[{"id":21010,"href":"https:\/\/cimislia.md\/ru\/wp-json\/wp\/v2\/posts\/21007\/revisions\/21010"}],"wp:featuredmedia":[{"embeddable":true,"href":"https:\/\/cimislia.md\/ru\/wp-json\/wp\/v2\/media\/21008"}],"wp:attachment":[{"href":"https:\/\/cimislia.md\/ru\/wp-json\/wp\/v2\/media?parent=21007"}],"wp:term":[{"taxonomy":"category","embeddable":true,"href":"https:\/\/cimislia.md\/ru\/wp-json\/wp\/v2\/categories?post=21007"},{"taxonomy":"post_tag","embeddable":true,"href":"https:\/\/cimislia.md\/ru\/wp-json\/wp\/v2\/tags?post=21007"}],"curies":[{"name":"wp","href":"https:\/\/api.w.org\/{rel}","templated":true}]}}