{"id":21472,"date":"2025-11-08T14:10:56","date_gmt":"2025-11-08T12:10:56","guid":{"rendered":"https:\/\/cimislia.md\/?p=21472"},"modified":"2025-11-10T14:11:45","modified_gmt":"2025-11-10T12:11:45","slug":"la-multi-ani-si-binecuvantari-de-sfantul-mare-mucenic-dimitrie-izvoratorul-de-mir","status":"publish","type":"post","link":"https:\/\/cimislia.md\/ru\/noutati\/la-multi-ani-si-binecuvantari-de-sfantul-mare-mucenic-dimitrie-izvoratorul-de-mir\/","title":{"rendered":"La mul\u021bi ani \u0219i binecuv\u00e2nt\u0103ri de Sf\u00e2ntul Mare Mucenic Dimitrie, Izvor\u00e2torul de Mir!"},"content":{"rendered":"<div class=\"x14z9mp xat24cr x1lziwak x1vvkbs xtlvy1s x126k92a\">\n<div dir=\"auto\">Ast\u0103zi, 8 noiembrie 2025, celebr\u0103m cu bucurie, respect \u0219i recuno\u0219tin\u021b\u0103 pe Sf\u00e2ntul Mare Mucenic Dimitrie, Izvor\u00e2torul de Mir, ocrotitor al celor credincio\u0219i \u0219i simbol al curajului, credin\u021bei \u0219i d\u0103ruirii fa\u021b\u0103 de semeni.<\/div>\n<div dir=\"auto\">Aceast\u0103 s\u0103rb\u0103toare ne reaminte\u0219te de importan\u021ba valorilor cre\u0219tine care ne unesc \u2013 iubirea, solidaritatea \u0219i bun\u0103tatea \u2013 \u0219i ne \u00eendeamn\u0103 s\u0103 privim cu recuno\u0219tin\u021b\u0103 spre tradi\u021biile \u0219i credin\u021ba care ne definesc ca comunitate.<\/div>\n<\/div>\n<div class=\"x14z9mp xat24cr x1lziwak x1vvkbs xtlvy1s x126k92a\">\n<div dir=\"auto\">Cu prilejul acestei zile deosebite, transmitem cele mai sincere ur\u0103ri de s\u0103n\u0103tate, pace \u0219i \u00eempliniri tuturor celor care poart\u0103 numele Dumitru \u0219i Dumitra. Fie ca Sf\u00e2ntul Dumitru s\u0103 v\u0103 ocroteasc\u0103 \u0219i s\u0103 v\u0103 c\u0103l\u0103uzeasc\u0103 pa\u0219ii spre bucurii \u0219i reu\u0219ite!<\/div>\n<\/div>\n<div class=\"x14z9mp xat24cr x1lziwak x1vvkbs xtlvy1s x126k92a\">\n<div dir=\"auto\">Totodat\u0103, adres\u0103m g\u00e2nduri de bine \u0219i ur\u0103ri de s\u0103rb\u0103toare locuitorilor din satul Dimitrovca, care marcheaz\u0103 ast\u0103zi Hramul localit\u0103\u021bii. V\u0103 dorim o zi binecuv\u00e2ntat\u0103, plin\u0103 de lumin\u0103, armonie \u0219i pace sufleteasc\u0103.<\/div>\n<\/div>\n<div class=\"x14z9mp xat24cr x1lziwak x1vvkbs xtlvy1s x126k92a\">\n<div dir=\"auto\">La mul\u021bi ani tuturor!<\/div>\n<\/div>\n<div class=\"x14z9mp xat24cr x1lziwak x1vvkbs xtlvy1s x126k92a\">\n<div dir=\"auto\">Cu aleas\u0103 considera\u021biune,<\/div>\n<div dir=\"auto\">Primarul ora\u0219ului Cimi\u0219lia<\/div>\n<div dir=\"auto\"><span class=\"html-span xdj266r x14z9mp xat24cr x1lziwak xexx8yu xyri2b x18d9i69 x1c1uobl x1hl2dhg x16tdsg8 x1vvkbs\"><a class=\"x1i10hfl xjbqb8w x1ejq31n x18oe1m7 x1sy0etr xstzfhl x972fbf x10w94by x1qhh985 x14e42zd x9f619 x1ypdohk xt0psk2 x3ct3a4 xdj266r x14z9mp xat24cr x1lziwak xexx8yu xyri2b x18d9i69 x1c1uobl x16tdsg8 x1hl2dhg xggy1nq x1a2a7pz xkrqix3 x1sur9pj x1fey0fg x1s688f\" tabindex=\"0\" role=\"link\" href=\"https:\/\/www.facebook.com\/sergiu.andronachi.16?__cft__[0]=AZUdX61soxy1OGqYY0VHwcN8plYRnwx15stEAJNMP70SnJzn5_9_XUYuzGvj3AgkdmFhIYtxKs1bUWlLU6P_dvwEx_Rj-1qRf0KSF9cLCqZok17EJ4jIQCpjTHRmr9Rl_51BOQWLNbTEfMhJ0wg_Hb67cNuWPJJxoqIV9F7zTx24ivNahZhg8LVvX-qHh2CedwU&amp;__tn__=-]K-R\"><span class=\"xt0psk2\"><span class=\"xjp7ctv\">Sergiu Andronachi<\/span><\/span><\/a><\/span><\/div>\n<div dir=\"auto\"><img decoding=\"async\" class=\"alignnone size-full wp-image-21473\" src=\"https:\/\/cimislia.md\/wp-content\/uploads\/2025\/11\/465974225_880423944240492_8978464672452060172_n.jpg\" alt=\"\" width=\"800\" height=\"533\" srcset=\"https:\/\/cimislia.md\/wp-content\/uploads\/2025\/11\/465974225_880423944240492_8978464672452060172_n.jpg 800w, https:\/\/cimislia.md\/wp-content\/uploads\/2025\/11\/465974225_880423944240492_8978464672452060172_n-300x200.jpg 300w, https:\/\/cimislia.md\/wp-content\/uploads\/2025\/11\/465974225_880423944240492_8978464672452060172_n-768x512.jpg 768w, https:\/\/cimislia.md\/wp-content\/uploads\/2025\/11\/465974225_880423944240492_8978464672452060172_n-18x12.jpg 18w\" sizes=\"(max-width: 800px) 100vw, 800px\" \/><\/div>\n<\/div>","protected":false},"excerpt":{"rendered":"<p>Ast\u0103zi, 8 noiembrie 2025, celebr\u0103m cu bucurie, respect \u0219i recuno\u0219tin\u021b\u0103 pe Sf\u00e2ntul Mare Mucenic Dimitrie, Izvor\u00e2torul de Mir, ocrotitor al celor credincio\u0219i \u0219i simbol al curajului, credin\u021bei \u0219i d\u0103ruirii fa\u021b\u0103 de semeni. Aceast\u0103 s\u0103rb\u0103toare ne reaminte\u0219te de importan\u021ba valorilor cre\u0219tine care ne unesc \u2013 iubirea, solidaritatea \u0219i bun\u0103tatea \u2013 \u0219i ne \u00eendeamn\u0103 s\u0103 privim cu&hellip;<\/p>","protected":false},"author":3,"featured_media":21473,"comment_status":"open","ping_status":"open","sticky":false,"template":"","format":"standard","meta":{"inline_featured_image":false,"footnotes":""},"categories":[1],"tags":[],"_links":{"self":[{"href":"https:\/\/cimislia.md\/ru\/wp-json\/wp\/v2\/posts\/21472"}],"collection":[{"href":"https:\/\/cimislia.md\/ru\/wp-json\/wp\/v2\/posts"}],"about":[{"href":"https:\/\/cimislia.md\/ru\/wp-json\/wp\/v2\/types\/post"}],"author":[{"embeddable":true,"href":"https:\/\/cimislia.md\/ru\/wp-json\/wp\/v2\/users\/3"}],"replies":[{"embeddable":true,"href":"https:\/\/cimislia.md\/ru\/wp-json\/wp\/v2\/comments?post=21472"}],"version-history":[{"count":1,"href":"https:\/\/cimislia.md\/ru\/wp-json\/wp\/v2\/posts\/21472\/revisions"}],"predecessor-version":[{"id":21474,"href":"https:\/\/cimislia.md\/ru\/wp-json\/wp\/v2\/posts\/21472\/revisions\/21474"}],"wp:featuredmedia":[{"embeddable":true,"href":"https:\/\/cimislia.md\/ru\/wp-json\/wp\/v2\/media\/21473"}],"wp:attachment":[{"href":"https:\/\/cimislia.md\/ru\/wp-json\/wp\/v2\/media?parent=21472"}],"wp:term":[{"taxonomy":"category","embeddable":true,"href":"https:\/\/cimislia.md\/ru\/wp-json\/wp\/v2\/categories?post=21472"},{"taxonomy":"post_tag","embeddable":true,"href":"https:\/\/cimislia.md\/ru\/wp-json\/wp\/v2\/tags?post=21472"}],"curies":[{"name":"wp","href":"https:\/\/api.w.org\/{rel}","templated":true}]}}