{"id":21688,"date":"2025-11-26T16:22:38","date_gmt":"2025-11-26T14:22:38","guid":{"rendered":"https:\/\/cimislia.md\/?p=21688"},"modified":"2025-11-26T16:34:30","modified_gmt":"2025-11-26T14:34:30","slug":"%f0%9f%87%b7%f0%9f%87%b4-1-decembrie-ziua-nationala-a-romaniei","status":"publish","type":"post","link":"https:\/\/cimislia.md\/ru\/noutati\/%f0%9f%87%b7%f0%9f%87%b4-1-decembrie-ziua-nationala-a-romaniei\/","title":{"rendered":"\ud83c\uddf7\ud83c\uddf4 1 Decembrie \u2013 Ziua Na\u021bional\u0103 a Rom\u00e2niei"},"content":{"rendered":"<div class=\"xdj266r x14z9mp xat24cr x1lziwak x1vvkbs x126k92a\">\n<div dir=\"auto\"><span class=\"html-span xexx8yu xyri2b x18d9i69 x1c1uobl x1hl2dhg x16tdsg8 x1vvkbs x3nfvp2 x1j61x8r x1fcty0u xdj266r xat24cr xm2jcoa x1mpyi22 xxymvpz xlup9mm x1kky2od\"><img decoding=\"async\" class=\"xz74otr x15mokao x1ga7v0g x16uus16 xbiv7yw\" src=\"https:\/\/static.xx.fbcdn.net\/images\/emoji.php\/v9\/te5\/1\/16\/1f1f7_1f1f4.png\" alt=\"\ud83c\uddf7\ud83c\uddf4\" width=\"16\" height=\"16\" \/><\/span> 1 Decembrie \u2013 Ziua Na\u021bional\u0103 a Rom\u00e2niei<\/div>\n<\/div>\n<div class=\"x14z9mp xat24cr x1lziwak x1vvkbs xtlvy1s x126k92a\">\n<div dir=\"auto\">Stima\u021bi cet\u0103\u021beni, ziua de 1 decembrie marcheaz\u0103 un moment istoric \u00een care s\u0103rb\u0103torim unitatea \u0219i spiritualitatea unui popor cu valori \u0219i tradi\u021bii care merit\u0103 cinstite <span class=\"html-span xexx8yu xyri2b x18d9i69 x1c1uobl x1hl2dhg x16tdsg8 x1vvkbs x3nfvp2 x1j61x8r x1fcty0u xdj266r xat24cr xm2jcoa x1mpyi22 xxymvpz xlup9mm x1kky2od\"><img decoding=\"async\" class=\"xz74otr x15mokao x1ga7v0g x16uus16 xbiv7yw\" src=\"https:\/\/static.xx.fbcdn.net\/images\/emoji.php\/v9\/tf4\/1\/16\/2728.png\" alt=\"\u2728\" width=\"16\" height=\"16\" \/><\/span>.<\/div>\n<\/div>\n<div class=\"x14z9mp xat24cr x1lziwak x1vvkbs xtlvy1s x126k92a\">\n<div dir=\"auto\">Aceast\u0103 dat\u0103 marcheaz\u0103 Unirea Transilvaniei cu Rom\u00e2nia \u0219i este una dintre cele mai importante pagini ale istoriei \u0219i unit\u0103\u021bii na\u021bionale rom\u00e2ne\u0219ti <span class=\"html-span xexx8yu xyri2b x18d9i69 x1c1uobl x1hl2dhg x16tdsg8 x1vvkbs x3nfvp2 x1j61x8r x1fcty0u xdj266r xat24cr xm2jcoa x1mpyi22 xxymvpz xlup9mm x1kky2od\"><img decoding=\"async\" class=\"xz74otr x15mokao x1ga7v0g x16uus16 xbiv7yw\" src=\"https:\/\/static.xx.fbcdn.net\/images\/emoji.php\/v9\/t9e\/1\/16\/1f4d6.png\" alt=\"\ud83d\udcd6\" width=\"16\" height=\"16\" \/><\/span>.<\/div>\n<\/div>\n<div class=\"x14z9mp xat24cr x1lziwak x1vvkbs xtlvy1s x126k92a\">\n<div dir=\"auto\">\u0218i pentru c\u0103 Basarabia a fost parte a acestui stat, suntem ca fra\u021bi <span class=\"html-span xexx8yu xyri2b x18d9i69 x1c1uobl x1hl2dhg x16tdsg8 x1vvkbs x3nfvp2 x1j61x8r x1fcty0u xdj266r xat24cr xm2jcoa x1mpyi22 xxymvpz xlup9mm x1kky2od\"><img decoding=\"async\" class=\"xz74otr x15mokao x1ga7v0g x16uus16 xbiv7yw\" src=\"https:\/\/static.xx.fbcdn.net\/images\/emoji.php\/v9\/t8b\/1\/16\/1f465.png\" alt=\"\ud83d\udc65\" width=\"16\" height=\"16\" \/><\/span>: vorbim aceea\u0219i limb\u0103, purt\u0103m acela\u0219i port popular, alfabetul ne este latin, iar tricolorul ne une\u0219te <span class=\"html-span xexx8yu xyri2b x18d9i69 x1c1uobl x1hl2dhg x16tdsg8 x1vvkbs x3nfvp2 x1j61x8r x1fcty0u xdj266r xat24cr xm2jcoa x1mpyi22 xxymvpz xlup9mm x1kky2od\"><img decoding=\"async\" class=\"xz74otr x15mokao x1ga7v0g x16uus16 xbiv7yw\" src=\"https:\/\/static.xx.fbcdn.net\/images\/emoji.php\/v9\/te5\/1\/16\/1f1f7_1f1f4.png\" alt=\"\ud83c\uddf7\ud83c\uddf4\" width=\"16\" height=\"16\" \/><\/span>.<\/div>\n<\/div>\n<div class=\"x14z9mp xat24cr x1lziwak x1vvkbs xtlvy1s x126k92a\">\n<div dir=\"auto\">Cu acest prilej, v\u0103 invit\u0103m s\u0103 fi\u021bi al\u0103turi de noi luni, 01 decembrie 2025, ora 10:00, la Monumentul \u201eEroii Neamului\u201d, pentru a depune flori \u0219i a omagia \u00eempreun\u0103 istoria \u0219i eroismul nostru.<\/div>\n<\/div>\n<div class=\"x14z9mp xat24cr x1lziwak x1vvkbs xtlvy1s x126k92a\">\n<div dir=\"auto\">Cu respect,<\/div>\n<div dir=\"auto\">Primarul ora\u0219ului Cimi\u0219lia<\/div>\n<div dir=\"auto\"><span class=\"html-span xdj266r x14z9mp xat24cr x1lziwak xexx8yu xyri2b x18d9i69 x1c1uobl x1hl2dhg x16tdsg8 x1vvkbs\"><a class=\"x1i10hfl xjbqb8w x1ejq31n x18oe1m7 x1sy0etr xstzfhl x972fbf x10w94by x1qhh985 x14e42zd x9f619 x1ypdohk xt0psk2 x3ct3a4 xdj266r x14z9mp xat24cr x1lziwak xexx8yu xyri2b x18d9i69 x1c1uobl x16tdsg8 x1hl2dhg xggy1nq x1a2a7pz xkrqix3 x1sur9pj x1fey0fg x1s688f\" tabindex=\"0\" role=\"link\" href=\"https:\/\/www.facebook.com\/sergiu.andronachi.16?__cft__[0]=AZXTRfCTbzybVRFbmjnB9NuiNBp8vy6cKbT85sqdMyvqscKH2jofYTglXlxk9amrcgPU21XhcyUTSSZ2R6LUxUj65oAsVDoH2T1kx9zXN6QyhRAucovVEqxsiILX7Rk4IS-pj5jKBp2wY5_5kJcPyN6H&amp;__tn__=-]K-R\"><span class=\"xt0psk2\"><span class=\"xjp7ctv\">Sergiu Andronachi<\/span><\/span><\/a><\/span><\/div>\n<div dir=\"auto\"><img decoding=\"async\" class=\"alignnone size-full wp-image-21689\" src=\"https:\/\/cimislia.md\/wp-content\/uploads\/2025\/11\/\u0438\u0437\u043e\u0431\u0440\u0430\u0436\u0435\u043d\u0438\u0435_viber_2025-11-11_11-05-30-776.jpg\" alt=\"\" width=\"1200\" height=\"1600\" srcset=\"https:\/\/cimislia.md\/wp-content\/uploads\/2025\/11\/\u0438\u0437\u043e\u0431\u0440\u0430\u0436\u0435\u043d\u0438\u0435_viber_2025-11-11_11-05-30-776.jpg 1200w, https:\/\/cimislia.md\/wp-content\/uploads\/2025\/11\/\u0438\u0437\u043e\u0431\u0440\u0430\u0436\u0435\u043d\u0438\u0435_viber_2025-11-11_11-05-30-776-225x300.jpg 225w, https:\/\/cimislia.md\/wp-content\/uploads\/2025\/11\/\u0438\u0437\u043e\u0431\u0440\u0430\u0436\u0435\u043d\u0438\u0435_viber_2025-11-11_11-05-30-776-768x1024.jpg 768w, https:\/\/cimislia.md\/wp-content\/uploads\/2025\/11\/\u0438\u0437\u043e\u0431\u0440\u0430\u0436\u0435\u043d\u0438\u0435_viber_2025-11-11_11-05-30-776-1152x1536.jpg 1152w, https:\/\/cimislia.md\/wp-content\/uploads\/2025\/11\/\u0438\u0437\u043e\u0431\u0440\u0430\u0436\u0435\u043d\u0438\u0435_viber_2025-11-11_11-05-30-776-9x12.jpg 9w\" sizes=\"(max-width: 1200px) 100vw, 1200px\" \/><\/div>\n<\/div>","protected":false},"excerpt":{"rendered":"<p>1 Decembrie \u2013 Ziua Na\u021bional\u0103 a Rom\u00e2niei Stima\u021bi cet\u0103\u021beni, ziua de 1 decembrie marcheaz\u0103 un moment istoric \u00een care s\u0103rb\u0103torim unitatea \u0219i spiritualitatea unui popor cu valori \u0219i tradi\u021bii care merit\u0103 cinstite . Aceast\u0103 dat\u0103 marcheaz\u0103 Unirea Transilvaniei cu Rom\u00e2nia \u0219i este una dintre cele mai importante pagini ale istoriei \u0219i unit\u0103\u021bii na\u021bionale rom\u00e2ne\u0219ti .&hellip;<\/p>","protected":false},"author":3,"featured_media":21694,"comment_status":"open","ping_status":"open","sticky":false,"template":"","format":"standard","meta":{"inline_featured_image":false,"footnotes":""},"categories":[1],"tags":[],"_links":{"self":[{"href":"https:\/\/cimislia.md\/ru\/wp-json\/wp\/v2\/posts\/21688"}],"collection":[{"href":"https:\/\/cimislia.md\/ru\/wp-json\/wp\/v2\/posts"}],"about":[{"href":"https:\/\/cimislia.md\/ru\/wp-json\/wp\/v2\/types\/post"}],"author":[{"embeddable":true,"href":"https:\/\/cimislia.md\/ru\/wp-json\/wp\/v2\/users\/3"}],"replies":[{"embeddable":true,"href":"https:\/\/cimislia.md\/ru\/wp-json\/wp\/v2\/comments?post=21688"}],"version-history":[{"count":1,"href":"https:\/\/cimislia.md\/ru\/wp-json\/wp\/v2\/posts\/21688\/revisions"}],"predecessor-version":[{"id":21690,"href":"https:\/\/cimislia.md\/ru\/wp-json\/wp\/v2\/posts\/21688\/revisions\/21690"}],"wp:featuredmedia":[{"embeddable":true,"href":"https:\/\/cimislia.md\/ru\/wp-json\/wp\/v2\/media\/21694"}],"wp:attachment":[{"href":"https:\/\/cimislia.md\/ru\/wp-json\/wp\/v2\/media?parent=21688"}],"wp:term":[{"taxonomy":"category","embeddable":true,"href":"https:\/\/cimislia.md\/ru\/wp-json\/wp\/v2\/categories?post=21688"},{"taxonomy":"post_tag","embeddable":true,"href":"https:\/\/cimislia.md\/ru\/wp-json\/wp\/v2\/tags?post=21688"}],"curies":[{"name":"wp","href":"https:\/\/api.w.org\/{rel}","templated":true}]}}