{"id":21708,"date":"2025-12-01T08:15:38","date_gmt":"2025-12-01T06:15:38","guid":{"rendered":"https:\/\/cimislia.md\/?p=21708"},"modified":"2025-12-02T08:48:13","modified_gmt":"2025-12-02T06:48:13","slug":"%f0%9f%93%a2-anunt-important-privind-incheierea-perioadei-de-pasunat-in-or-cimislia","status":"publish","type":"post","link":"https:\/\/cimislia.md\/ru\/noutati\/%f0%9f%93%a2-anunt-important-privind-incheierea-perioadei-de-pasunat-in-or-cimislia\/","title":{"rendered":"\ud83d\udce2 Anun\u021b important privind \u00eencheierea perioadei de p\u0103\u0219unat \u00een or. Cimi\u0219lia"},"content":{"rendered":"<div class=\"x14z9mp xat24cr x1lziwak x1vvkbs xtlvy1s x126k92a\">\n<div dir=\"auto\">Prim\u0103ria ora\u0219ului Cimi\u0219lia informeaz\u0103 cet\u0103\u021benii c\u0103, \u00een conformitate cu Dispozi\u021bia nr. 288-d din 28.11.2025, data de 10 decembrie 2025 a fost stabilit\u0103 drept termen de \u00eencheiere a perioadei de p\u0103\u0219unat pe teritoriul UAT or. Cimi\u0219lia.<\/div>\n<\/div>\n<div class=\"x14z9mp xat24cr x1lziwak x1vvkbs xtlvy1s x126k92a\">\n<div dir=\"auto\">Aceast\u0103 decizie a fost luat\u0103 \u021bin\u00e2nd cont de condi\u021biile meteorologice favorabile din luna noiembrie, care au permis prelungirea perioadei de vegeta\u021bie, precum \u0219i de necesitatea utiliz\u0103rii eficiente a p\u0103\u0219unilor f\u0103r\u0103 a afecta starea fitosanitar\u0103 a acestora.<\/div>\n<\/div>\n<div class=\"x14z9mp xat24cr x1lziwak x1vvkbs xtlvy1s x126k92a\">\n<div dir=\"auto\"><span class=\"html-span xexx8yu xyri2b x18d9i69 x1c1uobl x1hl2dhg x16tdsg8 x1vvkbs x3nfvp2 x1j61x8r x1fcty0u xdj266r xat24cr xm2jcoa x1mpyi22 xxymvpz xlup9mm x1kky2od\"><img decoding=\"async\" class=\"xz74otr x15mokao x1ga7v0g x16uus16 xbiv7yw\" src=\"https:\/\/static.xx.fbcdn.net\/images\/emoji.php\/v9\/t80\/1\/16\/1f64f.png\" alt=\"\ud83d\ude4f\" width=\"16\" height=\"16\" \/><\/span> Rug\u0103m de\u021bin\u0103torii de animale s\u0103 respecte aceste prevederi, pentru a contribui la protejarea resurselor naturale ale comunit\u0103\u021bii.<\/div>\n<\/div>\n<div class=\"x14z9mp xat24cr x1lziwak x1vvkbs xtlvy1s x126k92a\">\n<div dir=\"auto\"><span class=\"html-span xexx8yu xyri2b x18d9i69 x1c1uobl x1hl2dhg x16tdsg8 x1vvkbs x3nfvp2 x1j61x8r x1fcty0u xdj266r xat24cr xm2jcoa x1mpyi22 xxymvpz xlup9mm x1kky2od\"><img decoding=\"async\" class=\"xz74otr x15mokao x1ga7v0g x16uus16 xbiv7yw\" src=\"https:\/\/static.xx.fbcdn.net\/images\/emoji.php\/v9\/t7e\/1\/16\/1f4c5.png\" alt=\"\ud83d\udcc5\" width=\"16\" height=\"16\" \/><\/span> Perioada de p\u0103\u0219unat pentru anul 2026 va fi stabilit\u0103 printr-o dispozi\u021bie separat\u0103 a primarului.<\/div>\n<\/div>\n<div class=\"x14z9mp xat24cr x1lziwak x1vvkbs xtlvy1s x126k92a\">\n<div dir=\"auto\">V\u0103 mul\u021bumim pentru colaborare \u0219i responsabilitate! <span class=\"html-span xexx8yu xyri2b x18d9i69 x1c1uobl x1hl2dhg x16tdsg8 x1vvkbs x3nfvp2 x1j61x8r x1fcty0u xdj266r xat24cr xm2jcoa x1mpyi22 xxymvpz xlup9mm x1kky2od\"><img decoding=\"async\" class=\"xz74otr x15mokao x1ga7v0g x16uus16 xbiv7yw\" src=\"https:\/\/static.xx.fbcdn.net\/images\/emoji.php\/v9\/t1e\/1\/16\/1f33f.png\" alt=\"\ud83c\udf3f\" width=\"16\" height=\"16\" \/><\/span><\/div>\n<\/div>\n<div dir=\"auto\"><img decoding=\"async\" class=\"alignnone size-full wp-image-21709\" src=\"https:\/\/cimislia.md\/wp-content\/uploads\/2025\/12\/288-Dispozitie_page-0001.jpg\" alt=\"\" width=\"1240\" height=\"1754\" srcset=\"https:\/\/cimislia.md\/wp-content\/uploads\/2025\/12\/288-Dispozitie_page-0001.jpg 1240w, https:\/\/cimislia.md\/wp-content\/uploads\/2025\/12\/288-Dispozitie_page-0001-212x300.jpg 212w, https:\/\/cimislia.md\/wp-content\/uploads\/2025\/12\/288-Dispozitie_page-0001-724x1024.jpg 724w, https:\/\/cimislia.md\/wp-content\/uploads\/2025\/12\/288-Dispozitie_page-0001-768x1086.jpg 768w, https:\/\/cimislia.md\/wp-content\/uploads\/2025\/12\/288-Dispozitie_page-0001-1086x1536.jpg 1086w, https:\/\/cimislia.md\/wp-content\/uploads\/2025\/12\/288-Dispozitie_page-0001-8x12.jpg 8w\" sizes=\"(max-width: 1240px) 100vw, 1240px\" \/><\/div>","protected":false},"excerpt":{"rendered":"<p>Prim\u0103ria ora\u0219ului Cimi\u0219lia informeaz\u0103 cet\u0103\u021benii c\u0103, \u00een conformitate cu Dispozi\u021bia nr. 288-d din 28.11.2025, data de 10 decembrie 2025 a fost stabilit\u0103 drept termen de \u00eencheiere a perioadei de p\u0103\u0219unat pe teritoriul UAT or. Cimi\u0219lia. Aceast\u0103 decizie a fost luat\u0103 \u021bin\u00e2nd cont de condi\u021biile meteorologice favorabile din luna noiembrie, care au permis prelungirea perioadei de&hellip;<\/p>","protected":false},"author":3,"featured_media":21709,"comment_status":"open","ping_status":"open","sticky":false,"template":"","format":"standard","meta":{"inline_featured_image":false,"footnotes":""},"categories":[1],"tags":[],"_links":{"self":[{"href":"https:\/\/cimislia.md\/ru\/wp-json\/wp\/v2\/posts\/21708"}],"collection":[{"href":"https:\/\/cimislia.md\/ru\/wp-json\/wp\/v2\/posts"}],"about":[{"href":"https:\/\/cimislia.md\/ru\/wp-json\/wp\/v2\/types\/post"}],"author":[{"embeddable":true,"href":"https:\/\/cimislia.md\/ru\/wp-json\/wp\/v2\/users\/3"}],"replies":[{"embeddable":true,"href":"https:\/\/cimislia.md\/ru\/wp-json\/wp\/v2\/comments?post=21708"}],"version-history":[{"count":1,"href":"https:\/\/cimislia.md\/ru\/wp-json\/wp\/v2\/posts\/21708\/revisions"}],"predecessor-version":[{"id":21710,"href":"https:\/\/cimislia.md\/ru\/wp-json\/wp\/v2\/posts\/21708\/revisions\/21710"}],"wp:featuredmedia":[{"embeddable":true,"href":"https:\/\/cimislia.md\/ru\/wp-json\/wp\/v2\/media\/21709"}],"wp:attachment":[{"href":"https:\/\/cimislia.md\/ru\/wp-json\/wp\/v2\/media?parent=21708"}],"wp:term":[{"taxonomy":"category","embeddable":true,"href":"https:\/\/cimislia.md\/ru\/wp-json\/wp\/v2\/categories?post=21708"},{"taxonomy":"post_tag","embeddable":true,"href":"https:\/\/cimislia.md\/ru\/wp-json\/wp\/v2\/tags?post=21708"}],"curies":[{"name":"wp","href":"https:\/\/api.w.org\/{rel}","templated":true}]}}