{"id":22026,"date":"2025-12-16T08:37:06","date_gmt":"2025-12-16T06:37:06","guid":{"rendered":"https:\/\/cimislia.md\/?p=22026"},"modified":"2025-12-17T08:39:14","modified_gmt":"2025-12-17T06:39:14","slug":"irmantas-norkus-consulul-republicii-lituania-in-republica-moldova-a-efectuat-o-vizita-oficiala-la-primaria-orasului-cimislia","status":"publish","type":"post","link":"https:\/\/cimislia.md\/ru\/noutati\/irmantas-norkus-consulul-republicii-lituania-in-republica-moldova-a-efectuat-o-vizita-oficiala-la-primaria-orasului-cimislia\/","title":{"rendered":"Irmantas Norkus &#8211; Consulul Republicii Lituania \u00een Republica Moldova, a efectuat o vizit\u0103 oficial\u0103 la Prim\u0103ria ora\u0219ului Cimi\u0219lia."},"content":{"rendered":"<div class=\"xdj266r x14z9mp xat24cr x1lziwak x1vvkbs x126k92a\">\n<div dir=\"auto\">Ast\u0103zi, 16 decembrie 2025, Irmantas Norkus, Consulul Republicii Lituania \u00een Republica Moldova, a efectuat o vizit\u0103 oficial\u0103 la Prim\u0103ria ora\u0219ului Cimi\u0219lia.<\/div>\n<\/div>\n<div class=\"x14z9mp xat24cr x1lziwak x1vvkbs xtlvy1s x126k92a\">\n<div dir=\"auto\">\u00cen cadrul vizitei, primarul ora\u0219ului Cimi\u0219lia, <span class=\"html-span xdj266r x14z9mp xat24cr x1lziwak xexx8yu xyri2b x18d9i69 x1c1uobl x1hl2dhg x16tdsg8 x1vvkbs\"><a class=\"x1i10hfl xjbqb8w x1ejq31n x18oe1m7 x1sy0etr xstzfhl x972fbf x10w94by x1qhh985 x14e42zd x9f619 x1ypdohk xt0psk2 x3ct3a4 xdj266r x14z9mp xat24cr x1lziwak xexx8yu xyri2b x18d9i69 x1c1uobl x16tdsg8 x1hl2dhg xggy1nq x1a2a7pz xkrqix3 x1sur9pj x1fey0fg x1s688f\" tabindex=\"0\" role=\"link\" href=\"https:\/\/www.facebook.com\/sergiu.andronachi.16?__cft__[0]=AZb0ymqE8I5kztHw1LByZEtEnwuF3APODp8vg6VS0C1skrFEcIxTowneG_SG-wKgjfn6bfgnDLpve4R2k_ozzvgpvw4q4_PXWiaYBwJJDbdVOjS3eYg2laCS6HXLta4lZk9T0Y9LTpKNPm_H7UsJkGBX2SsHiLhdomSGaFbK8NGRElNvSbCCVwA0TRonUq4xTVQ&amp;__tn__=-]K-R\"><span class=\"xt0psk2\"><span class=\"xjp7ctv\">Sergiu Andronachi<\/span><\/span><\/a><\/span> \u00eempreun\u0103 cu viceprimarii, au avut o \u00eentrevedere cu Excelen\u021ba Sa, \u00een cadrul c\u0103reia au fost discutate aspecte ce vizeaz\u0103 dezvoltarea local\u0103, cooperarea interna\u021bional\u0103 \u0219i posibile direc\u021bii de colaborare \u00eentre ora\u0219ul Kretinga (Republica Lituania) \u0219i ora\u0219ul Cimi\u0219lia.<\/div>\n<\/div>\n<div class=\"x14z9mp xat24cr x1lziwak x1vvkbs xtlvy1s x126k92a\">\n<div dir=\"auto\">Discu\u021biile s-au desf\u0103\u0219urat \u00eentr-o atmosfer\u0103 deschis\u0103 \u0219i constructiv\u0103, fiind subliniat\u0103 importan\u021ba dialogului \u0219i a parteneriatelor externe pentru sus\u021binerea ini\u021biativelor locale \u0219i a schimbului de bune practici.<\/div>\n<\/div>\n<div class=\"x14z9mp xat24cr x1lziwak x1vvkbs xtlvy1s x126k92a\">\n<div dir=\"auto\">Prim\u0103ria ora\u0219ului Cimi\u0219lia \u00ee\u0219i exprim\u0103 aprecierea pentru aceast\u0103 vizit\u0103 \u0219i deschiderea manifestat\u0103 pentru consolidarea rela\u021biilor de cooperare.<\/div>\n<div dir=\"auto\"><img decoding=\"async\" class=\"alignnone size-full wp-image-22027\" src=\"https:\/\/cimislia.md\/wp-content\/uploads\/2025\/12\/IMG_0324.jpg\" alt=\"\" width=\"1920\" height=\"1280\" srcset=\"https:\/\/cimislia.md\/wp-content\/uploads\/2025\/12\/IMG_0324.jpg 1920w, https:\/\/cimislia.md\/wp-content\/uploads\/2025\/12\/IMG_0324-300x200.jpg 300w, https:\/\/cimislia.md\/wp-content\/uploads\/2025\/12\/IMG_0324-1024x683.jpg 1024w, https:\/\/cimislia.md\/wp-content\/uploads\/2025\/12\/IMG_0324-768x512.jpg 768w, https:\/\/cimislia.md\/wp-content\/uploads\/2025\/12\/IMG_0324-1536x1024.jpg 1536w, https:\/\/cimislia.md\/wp-content\/uploads\/2025\/12\/IMG_0324-18x12.jpg 18w\" sizes=\"(max-width: 1920px) 100vw, 1920px\" \/> <img decoding=\"async\" class=\"alignnone size-full wp-image-22028\" src=\"https:\/\/cimislia.md\/wp-content\/uploads\/2025\/12\/IMG_0316.jpg\" alt=\"\" width=\"1920\" height=\"1280\" srcset=\"https:\/\/cimislia.md\/wp-content\/uploads\/2025\/12\/IMG_0316.jpg 1920w, https:\/\/cimislia.md\/wp-content\/uploads\/2025\/12\/IMG_0316-300x200.jpg 300w, https:\/\/cimislia.md\/wp-content\/uploads\/2025\/12\/IMG_0316-1024x683.jpg 1024w, https:\/\/cimislia.md\/wp-content\/uploads\/2025\/12\/IMG_0316-768x512.jpg 768w, https:\/\/cimislia.md\/wp-content\/uploads\/2025\/12\/IMG_0316-1536x1024.jpg 1536w, https:\/\/cimislia.md\/wp-content\/uploads\/2025\/12\/IMG_0316-18x12.jpg 18w\" sizes=\"(max-width: 1920px) 100vw, 1920px\" \/> <img decoding=\"async\" class=\"alignnone size-full wp-image-22029\" src=\"https:\/\/cimislia.md\/wp-content\/uploads\/2025\/12\/IMG_0318.jpg\" alt=\"\" width=\"1920\" height=\"1280\" srcset=\"https:\/\/cimislia.md\/wp-content\/uploads\/2025\/12\/IMG_0318.jpg 1920w, https:\/\/cimislia.md\/wp-content\/uploads\/2025\/12\/IMG_0318-300x200.jpg 300w, https:\/\/cimislia.md\/wp-content\/uploads\/2025\/12\/IMG_0318-1024x683.jpg 1024w, https:\/\/cimislia.md\/wp-content\/uploads\/2025\/12\/IMG_0318-768x512.jpg 768w, https:\/\/cimislia.md\/wp-content\/uploads\/2025\/12\/IMG_0318-1536x1024.jpg 1536w, https:\/\/cimislia.md\/wp-content\/uploads\/2025\/12\/IMG_0318-18x12.jpg 18w\" sizes=\"(max-width: 1920px) 100vw, 1920px\" \/> <img decoding=\"async\" class=\"alignnone size-full wp-image-22030\" src=\"https:\/\/cimislia.md\/wp-content\/uploads\/2025\/12\/IMG_0310.jpg\" alt=\"\" width=\"1920\" height=\"1280\" srcset=\"https:\/\/cimislia.md\/wp-content\/uploads\/2025\/12\/IMG_0310.jpg 1920w, https:\/\/cimislia.md\/wp-content\/uploads\/2025\/12\/IMG_0310-300x200.jpg 300w, https:\/\/cimislia.md\/wp-content\/uploads\/2025\/12\/IMG_0310-1024x683.jpg 1024w, https:\/\/cimislia.md\/wp-content\/uploads\/2025\/12\/IMG_0310-768x512.jpg 768w, https:\/\/cimislia.md\/wp-content\/uploads\/2025\/12\/IMG_0310-1536x1024.jpg 1536w, https:\/\/cimislia.md\/wp-content\/uploads\/2025\/12\/IMG_0310-18x12.jpg 18w\" sizes=\"(max-width: 1920px) 100vw, 1920px\" \/><\/div>\n<\/div>","protected":false},"excerpt":{"rendered":"<p>Ast\u0103zi, 16 decembrie 2025, Irmantas Norkus, Consulul Republicii Lituania \u00een Republica Moldova, a efectuat o vizit\u0103 oficial\u0103 la Prim\u0103ria ora\u0219ului Cimi\u0219lia. \u00cen cadrul vizitei, primarul ora\u0219ului Cimi\u0219lia, Sergiu Andronachi \u00eempreun\u0103 cu viceprimarii, au avut o \u00eentrevedere cu Excelen\u021ba Sa, \u00een cadrul c\u0103reia au fost discutate aspecte ce vizeaz\u0103 dezvoltarea local\u0103, cooperarea interna\u021bional\u0103 \u0219i posibile direc\u021bii&hellip;<\/p>","protected":false},"author":3,"featured_media":22027,"comment_status":"open","ping_status":"open","sticky":false,"template":"","format":"standard","meta":{"inline_featured_image":false,"footnotes":""},"categories":[1],"tags":[],"_links":{"self":[{"href":"https:\/\/cimislia.md\/ru\/wp-json\/wp\/v2\/posts\/22026"}],"collection":[{"href":"https:\/\/cimislia.md\/ru\/wp-json\/wp\/v2\/posts"}],"about":[{"href":"https:\/\/cimislia.md\/ru\/wp-json\/wp\/v2\/types\/post"}],"author":[{"embeddable":true,"href":"https:\/\/cimislia.md\/ru\/wp-json\/wp\/v2\/users\/3"}],"replies":[{"embeddable":true,"href":"https:\/\/cimislia.md\/ru\/wp-json\/wp\/v2\/comments?post=22026"}],"version-history":[{"count":1,"href":"https:\/\/cimislia.md\/ru\/wp-json\/wp\/v2\/posts\/22026\/revisions"}],"predecessor-version":[{"id":22031,"href":"https:\/\/cimislia.md\/ru\/wp-json\/wp\/v2\/posts\/22026\/revisions\/22031"}],"wp:featuredmedia":[{"embeddable":true,"href":"https:\/\/cimislia.md\/ru\/wp-json\/wp\/v2\/media\/22027"}],"wp:attachment":[{"href":"https:\/\/cimislia.md\/ru\/wp-json\/wp\/v2\/media?parent=22026"}],"wp:term":[{"taxonomy":"category","embeddable":true,"href":"https:\/\/cimislia.md\/ru\/wp-json\/wp\/v2\/categories?post=22026"},{"taxonomy":"post_tag","embeddable":true,"href":"https:\/\/cimislia.md\/ru\/wp-json\/wp\/v2\/tags?post=22026"}],"curies":[{"name":"wp","href":"https:\/\/api.w.org\/{rel}","templated":true}]}}