{"id":22273,"date":"2025-12-31T09:14:08","date_gmt":"2025-12-31T07:14:08","guid":{"rendered":"https:\/\/cimislia.md\/?p=22273"},"modified":"2025-12-31T09:14:08","modified_gmt":"2025-12-31T07:14:08","slug":"%f0%9f%93%a2-anunt-important-intrerupere-temporara-a-energiei-electrice-2","status":"publish","type":"post","link":"https:\/\/cimislia.md\/ru\/noutati\/%f0%9f%93%a2-anunt-important-intrerupere-temporara-a-energiei-electrice-2\/","title":{"rendered":"\ud83d\udce2 ANUN\u021a IMPORTANT \u2013 \u00ceNTRERUPERE TEMPORAR\u0102 A ENERGIEI ELECTRICE"},"content":{"rendered":"<div class=\"xdj266r x14z9mp xat24cr x1lziwak x1vvkbs x126k92a\">\n<div dir=\"auto\"><span class=\"html-span xexx8yu xyri2b x18d9i69 x1c1uobl x1hl2dhg x16tdsg8 x1vvkbs x3nfvp2 x1j61x8r x1fcty0u xdj266r xat24cr xm2jcoa x1mpyi22 xxymvpz xlup9mm x1kky2od\"><img decoding=\"async\" class=\"xz74otr x15mokao x1ga7v0g x16uus16 xbiv7yw\" src=\"https:\/\/static.xx.fbcdn.net\/images\/emoji.php\/v9\/t39\/1\/16\/1f4e2.png\" alt=\"\ud83d\udce2\" width=\"16\" height=\"16\" \/><\/span> ANUN\u021a IMPORTANT \u2013 \u00ceNTRERUPERE TEMPORAR\u0102 A ENERGIEI ELECTRICE<\/div>\n<\/div>\n<div class=\"x14z9mp xat24cr x1lziwak x1vvkbs xtlvy1s x126k92a\">\n<div dir=\"auto\">Prim\u0103ria ora\u0219ului Cimi\u0219lia informeaz\u0103 cet\u0103\u021benii c\u0103, potrivit notific\u0103rii recep\u021bionate de la \u00ce.C.S. Premier Energy Distribution S.A., la data de 02 ianuarie 2026, \u00een intervalul 11:00\u201315:00, este posibil\u0103 deconectarea energiei electrice \u00een leg\u0103tur\u0103 cu lucr\u0103ri programate la re\u021bea.<\/div>\n<\/div>\n<div class=\"x14z9mp xat24cr x1lziwak x1vvkbs xtlvy1s x126k92a\">\n<div dir=\"auto\"><span class=\"html-span xexx8yu xyri2b x18d9i69 x1c1uobl x1hl2dhg x16tdsg8 x1vvkbs x3nfvp2 x1j61x8r x1fcty0u xdj266r xat24cr xm2jcoa x1mpyi22 xxymvpz xlup9mm x1kky2od\"><img decoding=\"async\" class=\"xz74otr x15mokao x1ga7v0g x16uus16 xbiv7yw\" src=\"https:\/\/static.xx.fbcdn.net\/images\/emoji.php\/v9\/t2d\/1\/16\/1f4cd.png\" alt=\"\ud83d\udccd\" width=\"16\" height=\"16\" \/><\/span> Zonele afectate:<\/div>\n<div dir=\"auto\">\u2022 str. 27 August<\/div>\n<div dir=\"auto\">\u2022 str. Alexandru cel Bun<\/div>\n<div dir=\"auto\">\u2022 str. Mihai Eminescu<\/div>\n<div dir=\"auto\">\u2022 str. Miori\u021ba<\/div>\n<div dir=\"auto\">\u2022 str. Mitropolit Petru Movil\u0103<\/div>\n<div dir=\"auto\">\u2022 str. Vasile Alecsandri (par\u021bial)<\/div>\n<\/div>\n<div class=\"x14z9mp xat24cr x1lziwak x1vvkbs xtlvy1s x126k92a\">\n<div dir=\"auto\">Ne cerem scuze pentru eventualele inconveniente create \u0219i v\u0103 \u00eendemn\u0103m s\u0103 lua\u021bi m\u0103surile necesare.<\/div>\n<\/div>\n<div class=\"x14z9mp xat24cr x1lziwak x1vvkbs xtlvy1s x126k92a\">\n<div dir=\"auto\"><span class=\"html-span xexx8yu xyri2b x18d9i69 x1c1uobl x1hl2dhg x16tdsg8 x1vvkbs x3nfvp2 x1j61x8r x1fcty0u xdj266r xat24cr xm2jcoa x1mpyi22 xxymvpz xlup9mm x1kky2od\"><img decoding=\"async\" class=\"xz74otr x15mokao x1ga7v0g x16uus16 xbiv7yw\" src=\"https:\/\/static.xx.fbcdn.net\/images\/emoji.php\/v9\/tae\/1\/16\/1f4ce.png\" alt=\"\ud83d\udcce\" width=\"16\" height=\"16\" \/><\/span> Anex\u0103m notificarea oficial\u0103 pentru informare.<\/div>\n<div dir=\"auto\"><img decoding=\"async\" class=\"alignnone size-full wp-image-22274\" src=\"https:\/\/cimislia.md\/wp-content\/uploads\/2025\/12\/252329_page-0001.jpg\" alt=\"\" width=\"1241\" height=\"1755\" srcset=\"https:\/\/cimislia.md\/wp-content\/uploads\/2025\/12\/252329_page-0001.jpg 1241w, https:\/\/cimislia.md\/wp-content\/uploads\/2025\/12\/252329_page-0001-212x300.jpg 212w, https:\/\/cimislia.md\/wp-content\/uploads\/2025\/12\/252329_page-0001-724x1024.jpg 724w, https:\/\/cimislia.md\/wp-content\/uploads\/2025\/12\/252329_page-0001-768x1086.jpg 768w, https:\/\/cimislia.md\/wp-content\/uploads\/2025\/12\/252329_page-0001-1086x1536.jpg 1086w, https:\/\/cimislia.md\/wp-content\/uploads\/2025\/12\/252329_page-0001-8x12.jpg 8w\" sizes=\"(max-width: 1241px) 100vw, 1241px\" \/><\/div>\n<\/div>","protected":false},"excerpt":{"rendered":"<p>ANUN\u021a IMPORTANT \u2013 \u00ceNTRERUPERE TEMPORAR\u0102 A ENERGIEI ELECTRICE Prim\u0103ria ora\u0219ului Cimi\u0219lia informeaz\u0103 cet\u0103\u021benii c\u0103, potrivit notific\u0103rii recep\u021bionate de la \u00ce.C.S. Premier Energy Distribution S.A., la data de 02 ianuarie 2026, \u00een intervalul 11:00\u201315:00, este posibil\u0103 deconectarea energiei electrice \u00een leg\u0103tur\u0103 cu lucr\u0103ri programate la re\u021bea. Zonele afectate: \u2022 str. 27 August \u2022 str. Alexandru cel&hellip;<\/p>","protected":false},"author":3,"featured_media":22274,"comment_status":"open","ping_status":"open","sticky":false,"template":"","format":"standard","meta":{"inline_featured_image":false,"footnotes":""},"categories":[1],"tags":[],"_links":{"self":[{"href":"https:\/\/cimislia.md\/ru\/wp-json\/wp\/v2\/posts\/22273"}],"collection":[{"href":"https:\/\/cimislia.md\/ru\/wp-json\/wp\/v2\/posts"}],"about":[{"href":"https:\/\/cimislia.md\/ru\/wp-json\/wp\/v2\/types\/post"}],"author":[{"embeddable":true,"href":"https:\/\/cimislia.md\/ru\/wp-json\/wp\/v2\/users\/3"}],"replies":[{"embeddable":true,"href":"https:\/\/cimislia.md\/ru\/wp-json\/wp\/v2\/comments?post=22273"}],"version-history":[{"count":1,"href":"https:\/\/cimislia.md\/ru\/wp-json\/wp\/v2\/posts\/22273\/revisions"}],"predecessor-version":[{"id":22275,"href":"https:\/\/cimislia.md\/ru\/wp-json\/wp\/v2\/posts\/22273\/revisions\/22275"}],"wp:featuredmedia":[{"embeddable":true,"href":"https:\/\/cimislia.md\/ru\/wp-json\/wp\/v2\/media\/22274"}],"wp:attachment":[{"href":"https:\/\/cimislia.md\/ru\/wp-json\/wp\/v2\/media?parent=22273"}],"wp:term":[{"taxonomy":"category","embeddable":true,"href":"https:\/\/cimislia.md\/ru\/wp-json\/wp\/v2\/categories?post=22273"},{"taxonomy":"post_tag","embeddable":true,"href":"https:\/\/cimislia.md\/ru\/wp-json\/wp\/v2\/tags?post=22273"}],"curies":[{"name":"wp","href":"https:\/\/api.w.org\/{rel}","templated":true}]}}