{"id":22640,"date":"2026-01-26T10:04:55","date_gmt":"2026-01-26T08:04:55","guid":{"rendered":"https:\/\/cimislia.md\/?p=22640"},"modified":"2026-01-26T10:06:01","modified_gmt":"2026-01-26T08:06:01","slug":"%e2%9d%97%ef%b8%8f%e2%9d%97%ef%b8%8fstimati-cimislieni-va-informam-despre-desfasurarea-sedintelor-comisiilor-consultative-de-specialitate-ale-consiliului-orasenesc-cimislia-la-care-sunt-invitati-sa","status":"publish","type":"post","link":"https:\/\/cimislia.md\/ru\/noutati\/%e2%9d%97%ef%b8%8f%e2%9d%97%ef%b8%8fstimati-cimislieni-va-informam-despre-desfasurarea-sedintelor-comisiilor-consultative-de-specialitate-ale-consiliului-orasenesc-cimislia-la-care-sunt-invitati-sa\/","title":{"rendered":"Desf\u0103\u0219urarea \u0219edin\u021belor Comisiilor Consultative de Specialitate ale Consiliului or\u0103\u0219enesc Cimi\u0219lia"},"content":{"rendered":"<div class=\"xdj266r x14z9mp xat24cr x1lziwak x1vvkbs x126k92a\">\n<div dir=\"auto\"><span class=\"html-span xexx8yu xyri2b x18d9i69 x1c1uobl x1hl2dhg x16tdsg8 x1vvkbs x3nfvp2 x1j61x8r x1fcty0u xdj266r xat24cr xm2jcoa x1mpyi22 xxymvpz xlup9mm x1kky2od\"><img decoding=\"async\" class=\"xz74otr x15mokao x1ga7v0g x16uus16 xbiv7yw\" src=\"https:\/\/static.xx.fbcdn.net\/images\/emoji.php\/v9\/t50\/1\/16\/2757.png\" alt=\"\u2757\ufe0f\" width=\"16\" height=\"16\" \/><\/span><span class=\"html-span xexx8yu xyri2b x18d9i69 x1c1uobl x1hl2dhg x16tdsg8 x1vvkbs x3nfvp2 x1j61x8r x1fcty0u xdj266r xat24cr xm2jcoa x1mpyi22 xxymvpz xlup9mm x1kky2od\"><img decoding=\"async\" class=\"xz74otr x15mokao x1ga7v0g x16uus16 xbiv7yw\" src=\"https:\/\/static.xx.fbcdn.net\/images\/emoji.php\/v9\/t50\/1\/16\/2757.png\" alt=\"\u2757\ufe0f\" width=\"16\" height=\"16\" \/><\/span><span class=\"html-span xexx8yu xyri2b x18d9i69 x1c1uobl x1hl2dhg x16tdsg8 x1vvkbs x3nfvp2 x1j61x8r x1fcty0u xdj266r xat24cr xm2jcoa x1mpyi22 xxymvpz xlup9mm x1kky2od\"><img decoding=\"async\" class=\"xz74otr x15mokao x1ga7v0g x16uus16 xbiv7yw\" src=\"https:\/\/static.xx.fbcdn.net\/images\/emoji.php\/v9\/t50\/1\/16\/2757.png\" alt=\"\u2757\ufe0f\" width=\"16\" height=\"16\" \/><\/span><span class=\"html-span xexx8yu xyri2b x18d9i69 x1c1uobl x1hl2dhg x16tdsg8 x1vvkbs x3nfvp2 x1j61x8r x1fcty0u xdj266r xat24cr xm2jcoa x1mpyi22 xxymvpz xlup9mm x1kky2od\"><img decoding=\"async\" class=\"xz74otr x15mokao x1ga7v0g x16uus16 xbiv7yw\" src=\"https:\/\/static.xx.fbcdn.net\/images\/emoji.php\/v9\/t50\/1\/16\/2757.png\" alt=\"\u2757\ufe0f\" width=\"16\" height=\"16\" \/><\/span><span class=\"html-span xexx8yu xyri2b x18d9i69 x1c1uobl x1hl2dhg x16tdsg8 x1vvkbs x3nfvp2 x1j61x8r x1fcty0u xdj266r xat24cr xm2jcoa x1mpyi22 xxymvpz xlup9mm x1kky2od\"><img decoding=\"async\" class=\"xz74otr x15mokao x1ga7v0g x16uus16 xbiv7yw\" src=\"https:\/\/static.xx.fbcdn.net\/images\/emoji.php\/v9\/t50\/1\/16\/2757.png\" alt=\"\u2757\ufe0f\" width=\"16\" height=\"16\" \/><\/span>Stima\u021bi cimi\u0219lieni, v\u0103 inform\u0103m despre desf\u0103\u0219urarea \u0219edin\u021belor Comisiilor Consultative de Specialitate ale Consiliului or\u0103\u0219enesc Cimi\u0219lia, la care sunt invita\u021bi s\u0103 participe \u0219i cet\u0103\u021benii interesa\u021bi.<\/div>\n<\/div>\n<div class=\"x14z9mp xat24cr x1lziwak x1vvkbs xtlvy1s x126k92a\">\n<div dir=\"auto\"><span class=\"html-span xexx8yu xyri2b x18d9i69 x1c1uobl x1hl2dhg x16tdsg8 x1vvkbs x3nfvp2 x1j61x8r x1fcty0u xdj266r xat24cr xm2jcoa x1mpyi22 xxymvpz xlup9mm x1kky2od\"><img decoding=\"async\" class=\"xz74otr x15mokao x1ga7v0g x16uus16 xbiv7yw\" src=\"https:\/\/static.xx.fbcdn.net\/images\/emoji.php\/v9\/t33\/1\/16\/2705.png\" alt=\"\u2705\" width=\"16\" height=\"16\" \/><\/span>\u0218edin\u021bele Comisiilor se vor desf\u0103\u0219ura \u00een sala de \u0219edin\u021be a Prim\u0103riei or. Cimi\u0219lia, \u00een urm\u0103toarea ordine:<\/div>\n<div dir=\"auto\"><span class=\"html-span xexx8yu xyri2b x18d9i69 x1c1uobl x1hl2dhg x16tdsg8 x1vvkbs x3nfvp2 x1j61x8r x1fcty0u xdj266r xat24cr xm2jcoa x1mpyi22 xxymvpz xlup9mm x1kky2od\"><img decoding=\"async\" class=\"xz74otr x15mokao x1ga7v0g x16uus16 xbiv7yw\" src=\"https:\/\/static.xx.fbcdn.net\/images\/emoji.php\/v9\/tc\/1\/16\/1f449_1f3fb.png\" alt=\"\ud83d\udc49\ud83c\udffb\" width=\"16\" height=\"16\" \/><\/span>27 ianuarie 2026, ora 15.30 &#8211; Comisia pentru probleme de drept \u0219i disciplin\u0103, \u00eenv\u0103\u021b\u0103m\u00e2nt, cultur\u0103, protec\u021bie social\u0103, s\u0103n\u0103tate public\u0103, turism \u0219i culte.<\/div>\n<div dir=\"auto\"><span class=\"html-span xexx8yu xyri2b x18d9i69 x1c1uobl x1hl2dhg x16tdsg8 x1vvkbs x3nfvp2 x1j61x8r x1fcty0u xdj266r xat24cr xm2jcoa x1mpyi22 xxymvpz xlup9mm x1kky2od\"><img decoding=\"async\" class=\"xz74otr x15mokao x1ga7v0g x16uus16 xbiv7yw\" src=\"https:\/\/static.xx.fbcdn.net\/images\/emoji.php\/v9\/tc\/1\/16\/1f449_1f3fb.png\" alt=\"\ud83d\udc49\ud83c\udffb\" width=\"16\" height=\"16\" \/><\/span>28 ianuarie 2026, ora 15.30 &#8211; Comisia pentru probleme de urbanism, agricultur\u0103, industrie \u0219i protec\u021bie a mediului.<\/div>\n<div dir=\"auto\"><span class=\"html-span xexx8yu xyri2b x18d9i69 x1c1uobl x1hl2dhg x16tdsg8 x1vvkbs x3nfvp2 x1j61x8r x1fcty0u xdj266r xat24cr xm2jcoa x1mpyi22 xxymvpz xlup9mm x1kky2od\"><img decoding=\"async\" class=\"xz74otr x15mokao x1ga7v0g x16uus16 xbiv7yw\" src=\"https:\/\/static.xx.fbcdn.net\/images\/emoji.php\/v9\/tc\/1\/16\/1f449_1f3fb.png\" alt=\"\ud83d\udc49\ud83c\udffb\" width=\"16\" height=\"16\" \/><\/span>29 ianuarie 2026, ora 15.30 &#8211; Comisia pentru probleme economico-financiare \u0219i investi\u021bii.<\/div>\n<\/div>\n<div class=\"x14z9mp xat24cr x1lziwak x1vvkbs xtlvy1s x126k92a\">\n<div dir=\"auto\"><span class=\"html-span xexx8yu xyri2b x18d9i69 x1c1uobl x1hl2dhg x16tdsg8 x1vvkbs x3nfvp2 x1j61x8r x1fcty0u xdj266r xat24cr xm2jcoa x1mpyi22 xxymvpz xlup9mm x1kky2od\"><img decoding=\"async\" class=\"xz74otr x15mokao x1ga7v0g x16uus16 xbiv7yw\" src=\"https:\/\/static.xx.fbcdn.net\/images\/emoji.php\/v9\/tef\/1\/16\/1f535.png\" alt=\"\ud83d\udd35\" width=\"16\" height=\"16\" \/><\/span> Participarea cet\u0103\u021benilor este binevenit\u0103! Dac\u0103 ave\u021bi \u00eentreb\u0103ri sau propuneri legate de subiectele abordate, aceasta este o ocazie potrivit\u0103 s\u0103 contribui\u021bi la dezvoltarea comunit\u0103\u021bii noastre.<\/div>\n<div dir=\"auto\"><img decoding=\"async\" class=\"alignnone size-full wp-image-22641\" src=\"https:\/\/cimislia.md\/wp-content\/uploads\/2026\/01\/597431157_1175615921387958_4800931147581229343_n.jpg\" alt=\"\" width=\"960\" height=\"540\" srcset=\"https:\/\/cimislia.md\/wp-content\/uploads\/2026\/01\/597431157_1175615921387958_4800931147581229343_n.jpg 960w, https:\/\/cimislia.md\/wp-content\/uploads\/2026\/01\/597431157_1175615921387958_4800931147581229343_n-300x169.jpg 300w, https:\/\/cimislia.md\/wp-content\/uploads\/2026\/01\/597431157_1175615921387958_4800931147581229343_n-768x432.jpg 768w, https:\/\/cimislia.md\/wp-content\/uploads\/2026\/01\/597431157_1175615921387958_4800931147581229343_n-18x10.jpg 18w\" sizes=\"(max-width: 960px) 100vw, 960px\" \/><\/div>\n<\/div>","protected":false},"excerpt":{"rendered":"<p>Stima\u021bi cimi\u0219lieni, v\u0103 inform\u0103m despre desf\u0103\u0219urarea \u0219edin\u021belor Comisiilor Consultative de Specialitate ale Consiliului or\u0103\u0219enesc Cimi\u0219lia, la care sunt invita\u021bi s\u0103 participe \u0219i cet\u0103\u021benii interesa\u021bi. \u0218edin\u021bele Comisiilor se vor desf\u0103\u0219ura \u00een sala de \u0219edin\u021be a Prim\u0103riei or. Cimi\u0219lia, \u00een urm\u0103toarea ordine: 27 ianuarie 2026, ora 15.30 &#8211; Comisia pentru probleme de drept \u0219i disciplin\u0103, \u00eenv\u0103\u021b\u0103m\u00e2nt, cultur\u0103,&hellip;<\/p>","protected":false},"author":3,"featured_media":22641,"comment_status":"open","ping_status":"open","sticky":false,"template":"","format":"standard","meta":{"inline_featured_image":false,"footnotes":""},"categories":[1],"tags":[],"_links":{"self":[{"href":"https:\/\/cimislia.md\/ru\/wp-json\/wp\/v2\/posts\/22640"}],"collection":[{"href":"https:\/\/cimislia.md\/ru\/wp-json\/wp\/v2\/posts"}],"about":[{"href":"https:\/\/cimislia.md\/ru\/wp-json\/wp\/v2\/types\/post"}],"author":[{"embeddable":true,"href":"https:\/\/cimislia.md\/ru\/wp-json\/wp\/v2\/users\/3"}],"replies":[{"embeddable":true,"href":"https:\/\/cimislia.md\/ru\/wp-json\/wp\/v2\/comments?post=22640"}],"version-history":[{"count":4,"href":"https:\/\/cimislia.md\/ru\/wp-json\/wp\/v2\/posts\/22640\/revisions"}],"predecessor-version":[{"id":22645,"href":"https:\/\/cimislia.md\/ru\/wp-json\/wp\/v2\/posts\/22640\/revisions\/22645"}],"wp:featuredmedia":[{"embeddable":true,"href":"https:\/\/cimislia.md\/ru\/wp-json\/wp\/v2\/media\/22641"}],"wp:attachment":[{"href":"https:\/\/cimislia.md\/ru\/wp-json\/wp\/v2\/media?parent=22640"}],"wp:term":[{"taxonomy":"category","embeddable":true,"href":"https:\/\/cimislia.md\/ru\/wp-json\/wp\/v2\/categories?post=22640"},{"taxonomy":"post_tag","embeddable":true,"href":"https:\/\/cimislia.md\/ru\/wp-json\/wp\/v2\/tags?post=22640"}],"curies":[{"name":"wp","href":"https:\/\/api.w.org\/{rel}","templated":true}]}}